{"id":1837,"date":"2013-05-22T16:39:52","date_gmt":"2013-05-22T16:39:52","guid":{"rendered":"http:\/\/blogs.hoy.es\/senderosextremadura\/?p=1837"},"modified":"2013-05-22T16:39:52","modified_gmt":"2013-05-22T16:39:52","slug":"fin-de-semana-senderista-cerca-del-mar-26-de-mayo","status":"publish","type":"post","link":"https:\/\/blogs.hoy.es\/senderosextremadura\/2013\/05\/22\/fin-de-semana-senderista-cerca-del-mar-26-de-mayo\/","title":{"rendered":"Fin de semana senderista cerca del mar (26 de mayo)"},"content":{"rendered":"<p>El <a href=\"http:\/\/www.clubcaminantebadajoz.com\/\" target=\"_blank\" rel=\"external nofollow\"><strong>Club del Caminante de Badajoz<\/strong> <\/a>ha programado para el pr\u00f3ximo fin de semana una <strong>ruta por el Cabo da Roca,<\/strong> cerca del Mar. El Cabo da Roca es un sobrecogedor mirador de la costa portuguesa <strong>frente al Oc\u00e9ano Atl\u00e1ntico<\/strong>, situado a s\u00f3lo 40 km. al oeste de Lisboa y a unos 18 km de Sintra. El principal atractivo de este lugar es que est\u00e1 ubicado en el punto m\u00e1s occidental del continente europeo. el poeta Luis de \u00c7amoes prefiri\u00f3 decir &#8220;<em>Aqu\u00ed&#8230; onde a terra se acaba e o mar comen\u00e7a<\/em>&#8220;, en su celebrada obra Os Lus\u00edadas. Puedes inscribirte hasta el 23 de mayo.<!--more--><\/p>\n<p><img loading=\"lazy\" class=\"aligncenter  wp-image-1838\" title=\"\" src=\"\/senderosextremadura\/wp-content\/uploads\/sites\/22\/2013\/05\/2013_05_26_Cabo-Roca.jpg\" alt=\"\" width=\"697\" height=\"521\" \/><\/p>\n<!-- AddThis Advanced Settings generic via filter on the_content --><!-- AddThis Share Buttons generic via filter on the_content -->","protected":false},"excerpt":{"rendered":"<p>El Club del Caminante de Badajoz ha programado para el pr\u00f3ximo fin de semana una ruta por el Cabo da Roca, cerca del Mar. El Cabo da Roca es un sobrecogedor mirador de la costa portuguesa frente al Oc\u00e9ano Atl\u00e1ntico, situado a s\u00f3lo 40 km. al oeste de Lisboa y a unos 18 km de [&hellip;]<!-- AddThis Advanced Settings generic via filter on get_the_excerpt --><!-- AddThis Share Buttons generic via filter on get_the_excerpt --><\/p>\n","protected":false},"author":3,"featured_media":0,"comment_status":"open","ping_status":"closed","sticky":false,"template":"","format":"standard","meta":[],"categories":[3],"tags":[119,215,927],"_links":{"self":[{"href":"https:\/\/blogs.hoy.es\/senderosextremadura\/wp-json\/wp\/v2\/posts\/1837"}],"collection":[{"href":"https:\/\/blogs.hoy.es\/senderosextremadura\/wp-json\/wp\/v2\/posts"}],"about":[{"href":"https:\/\/blogs.hoy.es\/senderosextremadura\/wp-json\/wp\/v2\/types\/post"}],"author":[{"embeddable":true,"href":"https:\/\/blogs.hoy.es\/senderosextremadura\/wp-json\/wp\/v2\/users\/3"}],"replies":[{"embeddable":true,"href":"https:\/\/blogs.hoy.es\/senderosextremadura\/wp-json\/wp\/v2\/comments?post=1837"}],"version-history":[{"count":0,"href":"https:\/\/blogs.hoy.es\/senderosextremadura\/wp-json\/wp\/v2\/posts\/1837\/revisions"}],"wp:attachment":[{"href":"https:\/\/blogs.hoy.es\/senderosextremadura\/wp-json\/wp\/v2\/media?parent=1837"}],"wp:term":[{"taxonomy":"category","embeddable":true,"href":"https:\/\/blogs.hoy.es\/senderosextremadura\/wp-json\/wp\/v2\/categories?post=1837"},{"taxonomy":"post_tag","embeddable":true,"href":"https:\/\/blogs.hoy.es\/senderosextremadura\/wp-json\/wp\/v2\/tags?post=1837"}],"curies":[{"name":"wp","href":"https:\/\/api.w.org\/{rel}","templated":true}]}}