{"id":1846,"date":"2013-05-27T16:06:14","date_gmt":"2013-05-27T16:06:14","guid":{"rendered":"http:\/\/blogs.hoy.es\/senderosextremadura\/?p=1846"},"modified":"2013-05-27T16:06:14","modified_gmt":"2013-05-27T16:06:14","slug":"ruta-por-navatrasierra-donde-las-rocas-viven-1-de-junio","status":"publish","type":"post","link":"https:\/\/blogs.hoy.es\/senderosextremadura\/2013\/05\/27\/ruta-por-navatrasierra-donde-las-rocas-viven-1-de-junio\/","title":{"rendered":"Ruta por Navatrasierra, &#8220;donde las rocas viven&#8221; (1 de junio)"},"content":{"rendered":"<p><span style=\"font-size: medium;\">En el marco de la <strong>IV Semana Europea del Geoparque Villuercas-Ibores-Jara<\/strong> se celebrar\u00e1 el pr\u00f3ximo s\u00e1bado 1 de junio una <strong>ruta por Navatrasierra<\/strong>. Se trata de una marcha\u00a0 guiada por el Valle del Hospital, en el geoparque, como dice el eslogan, &#8220;donde las rocas hablan&#8221;. El punto de reuni\u00f3n y salida ser\u00e1 a las 10 horas desde la fuente del <strong>Hospital del Obispo<\/strong>, en el kil\u00f3metro 33 de la carretera CC-20, de Navatrasierra a Guadalupe. La <strong>duraci\u00f3n aproximada de la ruta es de 4 horas<\/strong>.<\/span><\/p>\n<p><!--more--><\/p>\n<p><a href=\"https:\/\/blogs.hoy.es\/senderosextremadura\/\"><img loading=\"lazy\" class=\"aligncenter size-large wp-image-1847\" title=\"\" src=\"\/senderosextremadura\/wp-content\/uploads\/sites\/22\/2013\/05\/575888_608876235790423_952731159_n.jpg\" alt=\"\" width=\"600\" height=\"783\" srcset=\"https:\/\/static-blogs.hoy.es\/wp-content\/uploads\/sites\/22\/2013\/05\/575888_608876235790423_952731159_n.jpg 623w, https:\/\/static-blogs.hoy.es\/wp-content\/uploads\/sites\/22\/2013\/05\/575888_608876235790423_952731159_n-230x300.jpg 230w, https:\/\/static-blogs.hoy.es\/wp-content\/uploads\/sites\/22\/2013\/05\/575888_608876235790423_952731159_n-600x784.jpg 600w\" sizes=\"(max-width: 600px) 100vw, 600px\" \/><\/a><\/p>\n<!-- AddThis Advanced Settings generic via filter on the_content --><!-- AddThis Share Buttons generic via filter on the_content -->","protected":false},"excerpt":{"rendered":"<p>En el marco de la IV Semana Europea del Geoparque Villuercas-Ibores-Jara se celebrar\u00e1 el pr\u00f3ximo s\u00e1bado 1 de junio una ruta por Navatrasierra. Se trata de una marcha\u00a0 guiada por el Valle del Hospital, en el geoparque, como dice el eslogan, &#8220;donde las rocas hablan&#8221;. El punto de reuni\u00f3n y salida ser\u00e1 a las 10 [&hellip;]<!-- AddThis Advanced Settings generic via filter on get_the_excerpt --><!-- AddThis Share Buttons generic via filter on get_the_excerpt --><\/p>\n","protected":false},"author":27,"featured_media":0,"comment_status":"open","ping_status":"closed","sticky":false,"template":"","format":"standard","meta":[],"categories":[4],"tags":[351,400,410,563,836,917],"_links":{"self":[{"href":"https:\/\/blogs.hoy.es\/senderosextremadura\/wp-json\/wp\/v2\/posts\/1846"}],"collection":[{"href":"https:\/\/blogs.hoy.es\/senderosextremadura\/wp-json\/wp\/v2\/posts"}],"about":[{"href":"https:\/\/blogs.hoy.es\/senderosextremadura\/wp-json\/wp\/v2\/types\/post"}],"author":[{"embeddable":true,"href":"https:\/\/blogs.hoy.es\/senderosextremadura\/wp-json\/wp\/v2\/users\/27"}],"replies":[{"embeddable":true,"href":"https:\/\/blogs.hoy.es\/senderosextremadura\/wp-json\/wp\/v2\/comments?post=1846"}],"version-history":[{"count":0,"href":"https:\/\/blogs.hoy.es\/senderosextremadura\/wp-json\/wp\/v2\/posts\/1846\/revisions"}],"wp:attachment":[{"href":"https:\/\/blogs.hoy.es\/senderosextremadura\/wp-json\/wp\/v2\/media?parent=1846"}],"wp:term":[{"taxonomy":"category","embeddable":true,"href":"https:\/\/blogs.hoy.es\/senderosextremadura\/wp-json\/wp\/v2\/categories?post=1846"},{"taxonomy":"post_tag","embeddable":true,"href":"https:\/\/blogs.hoy.es\/senderosextremadura\/wp-json\/wp\/v2\/tags?post=1846"}],"curies":[{"name":"wp","href":"https:\/\/api.w.org\/{rel}","templated":true}]}}