{"id":1851,"date":"2013-05-23T16:58:16","date_gmt":"2013-05-23T16:58:16","guid":{"rendered":"http:\/\/blogs.hoy.es\/senderosextremadura\/?p=1851"},"modified":"2013-05-23T16:58:16","modified_gmt":"2013-05-23T16:58:16","slug":"jovenes-internos-del-marcelo-nessi-realizaran-la-ruta-de-isabel-la-catolica-25-de-mayo","status":"publish","type":"post","link":"https:\/\/blogs.hoy.es\/senderosextremadura\/2013\/05\/23\/jovenes-internos-del-marcelo-nessi-realizaran-la-ruta-de-isabel-la-catolica-25-de-mayo\/","title":{"rendered":"J\u00f3venes internos del Marcelo Nessi realizar\u00e1n la ruta de Isabel la Cat\u00f3lica (25 de mayo)"},"content":{"rendered":"<p><a href=\"https:\/\/blogs.hoy.es\/senderosextremadura\/2013\/05\/23\/jovenes-internos-del-marcelo-nessi-realizaran-la-ruta-de-isabel-la-catolica-25-de-mayo\/guadalupe-7\/\" rel=\"attachment wp-att-1853\"><img loading=\"lazy\" class=\"aligncenter size-large wp-image-1853\" title=\"\" src=\"\/senderosextremadura\/wp-content\/uploads\/sites\/22\/2013\/05\/GUADALUPE-7.jpg\" alt=\"\" width=\"600\" height=\"278\" srcset=\"https:\/\/static-blogs.hoy.es\/wp-content\/uploads\/sites\/22\/2013\/05\/GUADALUPE-7.jpg 647w, https:\/\/static-blogs.hoy.es\/wp-content\/uploads\/sites\/22\/2013\/05\/GUADALUPE-7-300x139.jpg 300w, https:\/\/static-blogs.hoy.es\/wp-content\/uploads\/sites\/22\/2013\/05\/GUADALUPE-7-600x278.jpg 600w\" sizes=\"(max-width: 600px) 100vw, 600px\" \/><\/a><\/p>\n<p>El senderismo reunir\u00e1 el pr\u00f3ximo s\u00e1bado a menores y j\u00f3venes internos del Centro\u00a0 Marcelo Nessi de Badajoz con j\u00f3venes de la entidad local de Valdehornillos para realizar la ruta \u201cIsabel la Cat\u00f3lica\u201d, dentro de una jornada de convivencia en la que compartir\u00e1n actividades l\u00fadicas y educativas en espacios naturales. El recorrido cubre una distancia de 13 kil\u00f3metros entre Ca\u00f1amero y Guadalupe.<!--more--><\/p>\n<p>El objetivo de esta salida educativa de los j\u00f3venes internos en el centro Marcelo Nessi es favorecer el contacto y la vinculaci\u00f3n social dentro del proceso reeducativo en el que est\u00e1n inmersos mientras se encuentran cumpliendo una medida judicial en r\u00e9gimen semiabierto. Al mismo tiempo, se fomenta la realizaci\u00f3n de actividades deportivas en espacios naturales, se favorece la convivencia entre diferentes colectivos de j\u00f3venes y se les dota de nuevos recursos para un uso saludable de su tiempo libre.<\/p>\n<p><strong>CONVIVENCIA, DEPORTE Y TURISMO<\/strong><\/p>\n<p>Adem\u00e1s de la ruta senderista, se ha organizado un programa de actividades que se desarrollar\u00e1n a lo largo de la jornada y que consistir\u00e1n en juegos de orientaci\u00f3n y conocimiento, actividades deportivas y una visita tur\u00edstica por la localidad de Guadalupe. Los j\u00f3venes estar\u00e1n acompa\u00f1ados por personal socioeducativo y sanitario del centro Marcelo Nessi durante la jornada, tras la que se les invitar\u00e1 a reflexionar sobre esta experiencia.<\/p>\n<p><a href=\"http:\/\/www.hoy.es\/multimedia\/fotos\/caceres\/109786-mejores-vistas-villuercas-ruta-isabel-catolica-0.html\" rel=\"external nofollow\"><strong>GALER\u00cdA:: Las mejores vistas de Las Villuercas en la Ruta de Isabel la Cat\u00f3lica<\/strong><\/a><\/p>\n<!-- AddThis Advanced Settings generic via filter on the_content --><!-- AddThis Share Buttons generic via filter on the_content -->","protected":false},"excerpt":{"rendered":"<p>El senderismo reunir\u00e1 el pr\u00f3ximo s\u00e1bado a menores y j\u00f3venes internos del Centro\u00a0 Marcelo Nessi de Badajoz con j\u00f3venes de la entidad local de Valdehornillos para realizar la ruta \u201cIsabel la Cat\u00f3lica\u201d, dentro de una jornada de convivencia en la que compartir\u00e1n actividades l\u00fadicas y educativas en espacios naturales. El recorrido cubre una distancia de [&hellip;]<!-- AddThis Advanced Settings generic via filter on get_the_excerpt --><!-- AddThis Share Buttons generic via filter on get_the_excerpt --><\/p>\n","protected":false},"author":27,"featured_media":0,"comment_status":"open","ping_status":"closed","sticky":false,"template":"","format":"standard","meta":[],"categories":[4],"tags":[],"_links":{"self":[{"href":"https:\/\/blogs.hoy.es\/senderosextremadura\/wp-json\/wp\/v2\/posts\/1851"}],"collection":[{"href":"https:\/\/blogs.hoy.es\/senderosextremadura\/wp-json\/wp\/v2\/posts"}],"about":[{"href":"https:\/\/blogs.hoy.es\/senderosextremadura\/wp-json\/wp\/v2\/types\/post"}],"author":[{"embeddable":true,"href":"https:\/\/blogs.hoy.es\/senderosextremadura\/wp-json\/wp\/v2\/users\/27"}],"replies":[{"embeddable":true,"href":"https:\/\/blogs.hoy.es\/senderosextremadura\/wp-json\/wp\/v2\/comments?post=1851"}],"version-history":[{"count":0,"href":"https:\/\/blogs.hoy.es\/senderosextremadura\/wp-json\/wp\/v2\/posts\/1851\/revisions"}],"wp:attachment":[{"href":"https:\/\/blogs.hoy.es\/senderosextremadura\/wp-json\/wp\/v2\/media?parent=1851"}],"wp:term":[{"taxonomy":"category","embeddable":true,"href":"https:\/\/blogs.hoy.es\/senderosextremadura\/wp-json\/wp\/v2\/categories?post=1851"},{"taxonomy":"post_tag","embeddable":true,"href":"https:\/\/blogs.hoy.es\/senderosextremadura\/wp-json\/wp\/v2\/tags?post=1851"}],"curies":[{"name":"wp","href":"https:\/\/api.w.org\/{rel}","templated":true}]}}