{"id":1866,"date":"2013-05-27T10:44:18","date_gmt":"2013-05-27T10:44:18","guid":{"rendered":"http:\/\/blogs.hoy.es\/senderosextremadura\/?p=1866"},"modified":"2013-05-27T10:44:18","modified_gmt":"2013-05-27T10:44:18","slug":"via-verde-de-villanueva-ya-tiene-sede","status":"publish","type":"post","link":"https:\/\/blogs.hoy.es\/senderosextremadura\/2013\/05\/27\/via-verde-de-villanueva-ya-tiene-sede\/","title":{"rendered":"V\u00eda Verde de Villanueva ya tiene sede propia"},"content":{"rendered":"<p><a href=\"https:\/\/blogs.hoy.es\/senderosextremadura\/\"><img loading=\"lazy\" class=\"aligncenter  wp-image-1868\" title=\"\" src=\"\/senderosextremadura\/wp-content\/uploads\/sites\/22\/2013\/05\/via-verde-sede.jpg\" alt=\"\" width=\"600\" height=\"450\" srcset=\"https:\/\/static-blogs.hoy.es\/wp-content\/uploads\/sites\/22\/2013\/05\/via-verde-sede.jpg 960w, https:\/\/static-blogs.hoy.es\/wp-content\/uploads\/sites\/22\/2013\/05\/via-verde-sede-300x225.jpg 300w, https:\/\/static-blogs.hoy.es\/wp-content\/uploads\/sites\/22\/2013\/05\/via-verde-sede-768x576.jpg 768w, https:\/\/static-blogs.hoy.es\/wp-content\/uploads\/sites\/22\/2013\/05\/via-verde-sede-600x450.jpg 600w\" sizes=\"(max-width: 600px) 100vw, 600px\" \/><\/a><\/p>\n<p>Miguel Angel Gallardo, alcalde de Villanueva de la Serena, M\u00f3nica Calurano, concejala de participaci\u00f3n ciudadana,\u00a0 Jes\u00fas Hidalgo, el presidente de la asociaci\u00f3n senderista V\u00eda Verde de Villanueva y Juan Carlos Garc\u00edaa, uno de los vocales del club,\u00a0 en el acto de entrega de llaves de la nueva sede del club. Las dependencias est\u00e1n situadas en la calle Espronceda junto a la notar\u00eda de la localidad. Por fin esta asociaci\u00f3n senderista tiene sede propia, &#8220;despu\u00e9s de compartirla con otras asociaciones durante varios a\u00f1os&#8221;.<\/p>\n<p>&nbsp;<\/p>\n<p>La Asoaciaci\u00f3n Senderista La V\u00eda Verde cuenta con un total de 241 socios y es, a d\u00eda de hoy una de las asociaciones con mayor actividad de Villanueva.<\/p>\n<!-- AddThis Advanced Settings generic via filter on the_content --><!-- AddThis Share Buttons generic via filter on the_content -->","protected":false},"excerpt":{"rendered":"<p>Miguel Angel Gallardo, alcalde de Villanueva de la Serena, M\u00f3nica Calurano, concejala de participaci\u00f3n ciudadana,\u00a0 Jes\u00fas Hidalgo, el presidente de la asociaci\u00f3n senderista V\u00eda Verde de Villanueva y Juan Carlos Garc\u00edaa, uno de los vocales del club,\u00a0 en el acto de entrega de llaves de la nueva sede del club. Las dependencias est\u00e1n situadas en [&hellip;]<!-- AddThis Advanced Settings generic via filter on get_the_excerpt --><!-- AddThis Share Buttons generic via filter on get_the_excerpt --><\/p>\n","protected":false},"author":27,"featured_media":0,"comment_status":"open","ping_status":"closed","sticky":false,"template":"","format":"standard","meta":[],"categories":[3],"tags":[],"_links":{"self":[{"href":"https:\/\/blogs.hoy.es\/senderosextremadura\/wp-json\/wp\/v2\/posts\/1866"}],"collection":[{"href":"https:\/\/blogs.hoy.es\/senderosextremadura\/wp-json\/wp\/v2\/posts"}],"about":[{"href":"https:\/\/blogs.hoy.es\/senderosextremadura\/wp-json\/wp\/v2\/types\/post"}],"author":[{"embeddable":true,"href":"https:\/\/blogs.hoy.es\/senderosextremadura\/wp-json\/wp\/v2\/users\/27"}],"replies":[{"embeddable":true,"href":"https:\/\/blogs.hoy.es\/senderosextremadura\/wp-json\/wp\/v2\/comments?post=1866"}],"version-history":[{"count":0,"href":"https:\/\/blogs.hoy.es\/senderosextremadura\/wp-json\/wp\/v2\/posts\/1866\/revisions"}],"wp:attachment":[{"href":"https:\/\/blogs.hoy.es\/senderosextremadura\/wp-json\/wp\/v2\/media?parent=1866"}],"wp:term":[{"taxonomy":"category","embeddable":true,"href":"https:\/\/blogs.hoy.es\/senderosextremadura\/wp-json\/wp\/v2\/categories?post=1866"},{"taxonomy":"post_tag","embeddable":true,"href":"https:\/\/blogs.hoy.es\/senderosextremadura\/wp-json\/wp\/v2\/tags?post=1866"}],"curies":[{"name":"wp","href":"https:\/\/api.w.org\/{rel}","templated":true}]}}