{"id":1872,"date":"2013-05-28T08:56:38","date_gmt":"2013-05-28T08:56:38","guid":{"rendered":"http:\/\/blogs.hoy.es\/senderosextremadura\/?p=1872"},"modified":"2013-05-28T08:56:38","modified_gmt":"2013-05-28T08:56:38","slug":"ruta-al-lavadero-de-lanas-de-ribera-del-fresno-9-de-junio","status":"publish","type":"post","link":"https:\/\/blogs.hoy.es\/senderosextremadura\/2013\/05\/28\/ruta-al-lavadero-de-lanas-de-ribera-del-fresno-9-de-junio\/","title":{"rendered":"Ruta al lavadero de lanas de Ribera del Fresno (9 de junio)"},"content":{"rendered":"<div>\n<p><a href=\"https:\/\/blogs.hoy.es\/senderosextremadura\/2013\/05\/28\/ruta-al-lavadero-de-lanas-de-ribera-del-fresno-9-de-junio\/ruta-senderista-lavadero-de-lanas\/\" rel=\"attachment wp-att-1873\"><img loading=\"lazy\" class=\"aligncenter size-large wp-image-1873\" title=\"\" src=\"\/senderosextremadura\/wp-content\/uploads\/sites\/22\/2013\/05\/Ruta-Senderista-Lavadero-de-Lanas.jpg\" alt=\"\" width=\"600\" height=\"450\" srcset=\"https:\/\/static-blogs.hoy.es\/wp-content\/uploads\/sites\/22\/2013\/05\/Ruta-Senderista-Lavadero-de-Lanas.jpg 960w, https:\/\/static-blogs.hoy.es\/wp-content\/uploads\/sites\/22\/2013\/05\/Ruta-Senderista-Lavadero-de-Lanas-300x225.jpg 300w, https:\/\/static-blogs.hoy.es\/wp-content\/uploads\/sites\/22\/2013\/05\/Ruta-Senderista-Lavadero-de-Lanas-768x576.jpg 768w, https:\/\/static-blogs.hoy.es\/wp-content\/uploads\/sites\/22\/2013\/05\/Ruta-Senderista-Lavadero-de-Lanas-600x450.jpg 600w\" sizes=\"(max-width: 600px) 100vw, 600px\" \/><\/a><\/p>\n<p>&nbsp;<\/p>\n<p>El \u00fanico lavadero de lanas situado en el entorno de <strong>Ribera del Fresno<\/strong> se ha convertido en hito de una ruta de senderismo, de <strong>17 kil\u00f3metros aproximadamente<\/strong>, como una forma de recuperar el patrimonio etnogr\u00e1fico de la localidad pacense.<\/p>\n<p><!--more--><\/p>\n<\/div>\n<div>\n<p>La \u2018Ruta del Lavadero de Lanas\u2019, que supera un desnivel pr\u00f3ximo a los 250 metros y tiene una dificultad media-baja, se prolonga durante algo m\u00e1s de tres horas por el entorno de la localidad y sus anejos de Villafranca de los Barros, Palomas y el cercano municipio de Puebla del Prior.<\/p>\n<\/div>\n<div>\n<p><a href=\"https:\/\/www.facebook.com\/groups\/228468357285328\/\" target=\"_blank\" rel=\"external nofollow\"><strong>Amigos Senderistas LA ALBERCA<\/strong><\/a>, con 138 sguidores en Facebook,\u00a0 es un grupo con mucha ilusi\u00f3n por formarse como asociaci\u00f3n. No es exclusivo de Ribera, hay vecinos de <strong>Puebla del Prior<\/strong> a su vez que de <strong>Hornachos<\/strong>. Para un futuro preparan nuevas rutas que les lleven a conocer lugares con encanto. De \u00e9ste modo Ribera del Fresno cuenta as\u00ed desde el pasado mes de abril con una futura asociaci\u00f3n naturalista, Amigos Senderistas \u201cLa Alberca\u201d, un colectivo que se pone en marcha con el objetivo de promover entre j\u00f3venes y mayores el deporte de monta\u00f1a y organizar una serie de rutas de distintos niveles a lo largo del a\u00f1o, a las que est\u00e1n invitados a participar todo el que lo desee. &#8220;La Alberca&#8221; surgi\u00f3 con la idea de conocer mejor los caminos de Ribera y las maravillas que se esconden tras ellos. &#8220;De momento esta es la segunda ruta, pero haremos muchas m\u00e1s, algunas con tradiciones.&#8221; Nos dice una de sus miembros, Teresa Rodr\u00edguez. &#8220;Naci\u00f3 con fines de conocer nuestro entorno m\u00e1s natural e hist\u00f3rico&#8221; nos a\u00f1ade otra de sus compa\u00f1eras, Mari Carmen B\u00e1ez.<\/p>\n<\/div>\n<div>\n<p>En esta ruta del Lavadero de Lanas que comienza en el Parque de la Alameda -o de Abajo- de la localidad hacia el lavadero conocido como \u2018de Lanas\u2019 porque all\u00ed se lavaba la lana de las ovejas merinas, para su posterior hilado, en esta localidad de tradici\u00f3n textil, se pasar\u00e1 por dos abrevaderos, por la Piedra Quiebraollas, la Pe\u00f1a la Sorda, Molino del Ni\u00f1o, Punto Geod\u00e9sico, Fuente de la Paciencia, Vega de San Pedro, varios cortijos y el propio lavadero, as\u00ed como alguna huerta, la Charca la Negra, el Molino del Ni\u00f1o&#8230;. todo con sus correspondientes explicaciones y aportaciones. Tambi\u00e9n podr\u00e1 observarse la t\u00edpica vegetaci\u00f3n de rivera y aves que en estas fechas vuelan por nuestros cielos como abejarucos, cern\u00edcalos, milanos negros, etc&#8230; y se regresa de nuevo hacia Ribera del Fresno.<\/p>\n<\/div>\n<div>\n<div>\n<p>Esta ruta se desarrollar\u00e1 el <strong>pr\u00f3ximo domingo 9 de junio<\/strong>, partiendo a las 7:30 horas y con un regreso en torno a las 13:30 horas. Amigos Senderistas \u201cla Alberca\u201d debe su nombre a la construcci\u00f3n etnogr\u00e1fica que puede encontrarse en cualquier cortijo o casa de campo de Ribera del Fresno.<\/p>\n<\/div>\n<\/div>\n<div>\n<p>El Lavadero de Lanas conserva a\u00fan los\u00a0restos de la antigua instalaci\u00f3n propiedad de Santiago del Cacho, industrial de mediados del siglo XIX seg\u00fan el Ministerio de Fomento, de aquella \u00e9poca 1856 y que &#8220;<em>establec\u00eda un lavadero de lanas en t\u00e9rmino de Ribera del Fresno en la aproximaci\u00f3n de un molino de su propiedad aprovechando al efecto del agua del r\u00edo Valdesneda y sin variar la presa del molino.&#8221;<\/em><\/p>\n<\/div>\n<div>\n<p>Para \u00e9sta visita Amigos Senderistas &#8220;La Alberca&#8221; contar\u00e1 con la colaboraci\u00f3n de <strong>Juan Francisco Llano B\u00e1ez<\/strong>, investigador local y cronista que ha venido haciendo un seguimiento en los \u00faltimos a\u00f1os de la <strong>finca Pe\u00f1aovejera<\/strong>, recinto donde se ubica el Lavadero de Lanas.<\/p>\n<\/div>\n<div>\n<p>&nbsp;<\/p>\n<\/div>\n<p><strong>Juan Francisco Llano<br \/>\nRibera del Fresno<br \/>\n<a href=\"mailto:juanfrallano@riberadelfresno.es\" target=\"_blank\">juanfrallano@riberadelfresno.<wbr>es<\/wbr><\/a><br \/>\n<\/strong><\/p>\n<!-- AddThis Advanced Settings generic via filter on the_content --><!-- AddThis Share Buttons generic via filter on the_content -->","protected":false},"excerpt":{"rendered":"<p>&nbsp; El \u00fanico lavadero de lanas situado en el entorno de Ribera del Fresno se ha convertido en hito de una ruta de senderismo, de 17 kil\u00f3metros aproximadamente, como una forma de recuperar el patrimonio etnogr\u00e1fico de la localidad pacense.<!-- AddThis Advanced Settings generic via filter on get_the_excerpt --><!-- AddThis Share Buttons generic via filter on get_the_excerpt --><\/p>\n","protected":false},"author":27,"featured_media":0,"comment_status":"open","ping_status":"closed","sticky":false,"template":"","format":"standard","meta":[],"categories":[4],"tags":[446,690,817,836],"_links":{"self":[{"href":"https:\/\/blogs.hoy.es\/senderosextremadura\/wp-json\/wp\/v2\/posts\/1872"}],"collection":[{"href":"https:\/\/blogs.hoy.es\/senderosextremadura\/wp-json\/wp\/v2\/posts"}],"about":[{"href":"https:\/\/blogs.hoy.es\/senderosextremadura\/wp-json\/wp\/v2\/types\/post"}],"author":[{"embeddable":true,"href":"https:\/\/blogs.hoy.es\/senderosextremadura\/wp-json\/wp\/v2\/users\/27"}],"replies":[{"embeddable":true,"href":"https:\/\/blogs.hoy.es\/senderosextremadura\/wp-json\/wp\/v2\/comments?post=1872"}],"version-history":[{"count":0,"href":"https:\/\/blogs.hoy.es\/senderosextremadura\/wp-json\/wp\/v2\/posts\/1872\/revisions"}],"wp:attachment":[{"href":"https:\/\/blogs.hoy.es\/senderosextremadura\/wp-json\/wp\/v2\/media?parent=1872"}],"wp:term":[{"taxonomy":"category","embeddable":true,"href":"https:\/\/blogs.hoy.es\/senderosextremadura\/wp-json\/wp\/v2\/categories?post=1872"},{"taxonomy":"post_tag","embeddable":true,"href":"https:\/\/blogs.hoy.es\/senderosextremadura\/wp-json\/wp\/v2\/tags?post=1872"}],"curies":[{"name":"wp","href":"https:\/\/api.w.org\/{rel}","templated":true}]}}