{"id":1875,"date":"2013-05-28T09:16:02","date_gmt":"2013-05-28T09:16:02","guid":{"rendered":"http:\/\/blogs.hoy.es\/senderosextremadura\/?p=1875"},"modified":"2013-05-28T09:16:02","modified_gmt":"2013-05-28T09:16:02","slug":"ruta-los-chozos-el-barrero-para-cerrar-la-temporada-en-salvaleon-2-junio","status":"publish","type":"post","link":"https:\/\/blogs.hoy.es\/senderosextremadura\/2013\/05\/28\/ruta-los-chozos-el-barrero-para-cerrar-la-temporada-en-salvaleon-2-junio\/","title":{"rendered":"Ruta Los Chozos-El Barrero para cerrar la temporada en Salvale\u00f3n (2 junio)"},"content":{"rendered":"<p><a href=\"https:\/\/blogs.hoy.es\/senderosextremadura\/\"><img loading=\"lazy\" class=\"aligncenter size-large wp-image-1876\" title=\"r\" src=\"\/senderosextremadura\/wp-content\/uploads\/sites\/22\/2013\/05\/ruta-chozos.jpg\" alt=\"\" width=\"600\" height=\"849\" \/><\/a><\/p>\n<p>La Asociaci\u00f3n de Senderismo <strong>El Encinar de Salvale\u00f3n<\/strong> ha programada una ruta por la localidad con parrillada final para el pr\u00f3ximo domingo 2 de junio\u00a0 (habr\u00e1 que pagar cinco euros por persona, para los ni\u00f1os es gratis).\u00a0 Se requiere inscripci\u00f3n a trav\u00e9s del telefono 924 752850 o a trav\u00e9s del mail <strong>senderismosalvaleon@gmail.<\/strong><wbr><strong>com<\/strong><br \/>\n<\/wbr><\/p>\n<!-- AddThis Advanced Settings generic via filter on the_content --><!-- AddThis Share Buttons generic via filter on the_content -->","protected":false},"excerpt":{"rendered":"<p>La Asociaci\u00f3n de Senderismo El Encinar de Salvale\u00f3n ha programada una ruta por la localidad con parrillada final para el pr\u00f3ximo domingo 2 de junio\u00a0 (habr\u00e1 que pagar cinco euros por persona, para los ni\u00f1os es gratis).\u00a0 Se requiere inscripci\u00f3n a trav\u00e9s del telefono 924 752850 o a trav\u00e9s del mail senderismosalvaleon@gmail.com<!-- AddThis Advanced Settings generic via filter on get_the_excerpt --><!-- AddThis Share Buttons generic via filter on get_the_excerpt --><\/p>\n","protected":false},"author":27,"featured_media":0,"comment_status":"open","ping_status":"closed","sticky":false,"template":"","format":"standard","meta":[],"categories":[4],"tags":[],"_links":{"self":[{"href":"https:\/\/blogs.hoy.es\/senderosextremadura\/wp-json\/wp\/v2\/posts\/1875"}],"collection":[{"href":"https:\/\/blogs.hoy.es\/senderosextremadura\/wp-json\/wp\/v2\/posts"}],"about":[{"href":"https:\/\/blogs.hoy.es\/senderosextremadura\/wp-json\/wp\/v2\/types\/post"}],"author":[{"embeddable":true,"href":"https:\/\/blogs.hoy.es\/senderosextremadura\/wp-json\/wp\/v2\/users\/27"}],"replies":[{"embeddable":true,"href":"https:\/\/blogs.hoy.es\/senderosextremadura\/wp-json\/wp\/v2\/comments?post=1875"}],"version-history":[{"count":0,"href":"https:\/\/blogs.hoy.es\/senderosextremadura\/wp-json\/wp\/v2\/posts\/1875\/revisions"}],"wp:attachment":[{"href":"https:\/\/blogs.hoy.es\/senderosextremadura\/wp-json\/wp\/v2\/media?parent=1875"}],"wp:term":[{"taxonomy":"category","embeddable":true,"href":"https:\/\/blogs.hoy.es\/senderosextremadura\/wp-json\/wp\/v2\/categories?post=1875"},{"taxonomy":"post_tag","embeddable":true,"href":"https:\/\/blogs.hoy.es\/senderosextremadura\/wp-json\/wp\/v2\/tags?post=1875"}],"curies":[{"name":"wp","href":"https:\/\/api.w.org\/{rel}","templated":true}]}}