{"id":1880,"date":"2013-05-29T09:47:02","date_gmt":"2013-05-29T09:47:02","guid":{"rendered":"http:\/\/blogs.hoy.es\/senderosextremadura\/?p=1880"},"modified":"2013-05-29T09:47:02","modified_gmt":"2013-05-29T09:47:02","slug":"trekking-en-el-valle-de-ordesa-y-monte-perdido-del-23-al-29-de-junio","status":"publish","type":"post","link":"https:\/\/blogs.hoy.es\/senderosextremadura\/2013\/05\/29\/trekking-en-el-valle-de-ordesa-y-monte-perdido-del-23-al-29-de-junio\/","title":{"rendered":"Trekking en el Valle de Ordesa y Monte Perdido (del 23 al 29 de junio)"},"content":{"rendered":"<p>El grupo extreme\u00f1o de esqu\u00ed y monta\u00f1a <strong>GR100<\/strong> realizar\u00e1 del 23 al 29 de junio un trekking en el <strong>Valle de Ordesa y Monte Perdido<\/strong>. El recorrido se har\u00e1 en cuatro etapas. A\u00fan tienen doce plazas disponibles. Si quieres unirte, contacta con el club <a href=\"http:\/\/www.clubgr100.com\/modulos\/mod_periodico\/pub\/mostrar_noticia.php?id=126\" rel=\"external nofollow\"><strong>a trav\u00e9s de su web<\/strong><\/a>.<\/p>\n<p><!--more--><\/p>\n<p><a href=\"https:\/\/blogs.hoy.es\/senderosextremadura\/2013\/05\/29\/trekking-en-el-valle-de-ordesa-y-monte-perdido-del-23-al-29-de-junio\/treking\/\" rel=\"attachment wp-att-1881\"><img loading=\"lazy\" class=\"aligncenter size-large wp-image-1881\" title=\"\" src=\"\/senderosextremadura\/wp-content\/uploads\/sites\/22\/2013\/05\/treking.jpg\" alt=\"\" width=\"600\" height=\"848\" srcset=\"https:\/\/static-blogs.hoy.es\/wp-content\/uploads\/sites\/22\/2013\/05\/treking.jpg 679w, https:\/\/static-blogs.hoy.es\/wp-content\/uploads\/sites\/22\/2013\/05\/treking-212x300.jpg 212w, https:\/\/static-blogs.hoy.es\/wp-content\/uploads\/sites\/22\/2013\/05\/treking-600x848.jpg 600w\" sizes=\"(max-width: 600px) 100vw, 600px\" \/><\/a><\/p>\n<!-- AddThis Advanced Settings generic via filter on the_content --><!-- AddThis Share Buttons generic via filter on the_content -->","protected":false},"excerpt":{"rendered":"<p>El grupo extreme\u00f1o de esqu\u00ed y monta\u00f1a GR100 realizar\u00e1 del 23 al 29 de junio un trekking en el Valle de Ordesa y Monte Perdido. El recorrido se har\u00e1 en cuatro etapas. A\u00fan tienen doce plazas disponibles. Si quieres unirte, contacta con el club a trav\u00e9s de su web.<!-- AddThis Advanced Settings generic via filter on get_the_excerpt --><!-- AddThis Share Buttons generic via filter on get_the_excerpt --><\/p>\n","protected":false},"author":27,"featured_media":0,"comment_status":"open","ping_status":"closed","sticky":false,"template":"","format":"standard","meta":[],"categories":[4],"tags":[],"_links":{"self":[{"href":"https:\/\/blogs.hoy.es\/senderosextremadura\/wp-json\/wp\/v2\/posts\/1880"}],"collection":[{"href":"https:\/\/blogs.hoy.es\/senderosextremadura\/wp-json\/wp\/v2\/posts"}],"about":[{"href":"https:\/\/blogs.hoy.es\/senderosextremadura\/wp-json\/wp\/v2\/types\/post"}],"author":[{"embeddable":true,"href":"https:\/\/blogs.hoy.es\/senderosextremadura\/wp-json\/wp\/v2\/users\/27"}],"replies":[{"embeddable":true,"href":"https:\/\/blogs.hoy.es\/senderosextremadura\/wp-json\/wp\/v2\/comments?post=1880"}],"version-history":[{"count":0,"href":"https:\/\/blogs.hoy.es\/senderosextremadura\/wp-json\/wp\/v2\/posts\/1880\/revisions"}],"wp:attachment":[{"href":"https:\/\/blogs.hoy.es\/senderosextremadura\/wp-json\/wp\/v2\/media?parent=1880"}],"wp:term":[{"taxonomy":"category","embeddable":true,"href":"https:\/\/blogs.hoy.es\/senderosextremadura\/wp-json\/wp\/v2\/categories?post=1880"},{"taxonomy":"post_tag","embeddable":true,"href":"https:\/\/blogs.hoy.es\/senderosextremadura\/wp-json\/wp\/v2\/tags?post=1880"}],"curies":[{"name":"wp","href":"https:\/\/api.w.org\/{rel}","templated":true}]}}