{"id":1901,"date":"2013-06-11T11:34:50","date_gmt":"2013-06-11T11:34:50","guid":{"rendered":"http:\/\/blogs.hoy.es\/senderosextremadura\/?p=1901"},"modified":"2013-06-11T11:34:50","modified_gmt":"2013-06-11T11:34:50","slug":"el-bordon-cierra-el-curso-con-una-ruta-entre-piornal-y-jaraiz-16-de-junio","status":"publish","type":"post","link":"https:\/\/blogs.hoy.es\/senderosextremadura\/2013\/06\/11\/el-bordon-cierra-el-curso-con-una-ruta-entre-piornal-y-jaraiz-16-de-junio\/","title":{"rendered":"El Bord\u00f3n cierra el curso con una ruta entre Piornal y Jara\u00edz (16 de junio)"},"content":{"rendered":"<div>\n<div id=\"noticia-pestanas\">\n<div id=\"ccronica\">\n<div>\n<p><a href=\"https:\/\/blogs.hoy.es\/senderosextremadura\/\"><img loading=\"lazy\" class=\"aligncenter size-large wp-image-1903\" title=\"\" src=\"\/senderosextremadura\/wp-content\/uploads\/sites\/22\/2013\/06\/piornal.jpg\" alt=\"\" width=\"600\" height=\"278\" srcset=\"https:\/\/static-blogs.hoy.es\/wp-content\/uploads\/sites\/22\/2013\/06\/piornal.jpg 647w, https:\/\/static-blogs.hoy.es\/wp-content\/uploads\/sites\/22\/2013\/06\/piornal-300x139.jpg 300w, https:\/\/static-blogs.hoy.es\/wp-content\/uploads\/sites\/22\/2013\/06\/piornal-600x278.jpg 600w\" sizes=\"(max-width: 600px) 100vw, 600px\" \/><\/a><\/p>\n<p>La asociaci\u00f3n deportiva El Bord\u00f3n cierra este curso el pr\u00f3ximo domingo, d\u00eda 16, con una ruta entre Piornal y Jara\u00edz de la Vera. La salida ser\u00e1 a las siete y media de la ma\u00f1ana desde Los Pinos y el regreso est\u00e1 previsto al mediod\u00eda. \u00abLos caminos son anchos y propicios para la charla\u00bb, aclara la organizaci\u00f3n en nota de prensa. La distancia de esta ruta ronda los 17 kil\u00f3metros.<\/p>\n<\/div>\n<\/div>\n<\/div>\n<\/div>\n<!-- AddThis Advanced Settings generic via filter on the_content --><!-- AddThis Share Buttons generic via filter on the_content -->","protected":false},"excerpt":{"rendered":"<p>La asociaci\u00f3n deportiva El Bord\u00f3n cierra este curso el pr\u00f3ximo domingo, d\u00eda 16, con una ruta entre Piornal y Jara\u00edz de la Vera. La salida ser\u00e1 a las siete y media de la ma\u00f1ana desde Los Pinos y el regreso est\u00e1 previsto al mediod\u00eda. \u00abLos caminos son anchos y propicios para la charla\u00bb, aclara la [&hellip;]<!-- AddThis Advanced Settings generic via filter on get_the_excerpt --><!-- AddThis Share Buttons generic via filter on get_the_excerpt --><\/p>\n","protected":false},"author":27,"featured_media":0,"comment_status":"open","ping_status":"closed","sticky":false,"template":"","format":"standard","meta":[],"categories":[4],"tags":[],"_links":{"self":[{"href":"https:\/\/blogs.hoy.es\/senderosextremadura\/wp-json\/wp\/v2\/posts\/1901"}],"collection":[{"href":"https:\/\/blogs.hoy.es\/senderosextremadura\/wp-json\/wp\/v2\/posts"}],"about":[{"href":"https:\/\/blogs.hoy.es\/senderosextremadura\/wp-json\/wp\/v2\/types\/post"}],"author":[{"embeddable":true,"href":"https:\/\/blogs.hoy.es\/senderosextremadura\/wp-json\/wp\/v2\/users\/27"}],"replies":[{"embeddable":true,"href":"https:\/\/blogs.hoy.es\/senderosextremadura\/wp-json\/wp\/v2\/comments?post=1901"}],"version-history":[{"count":0,"href":"https:\/\/blogs.hoy.es\/senderosextremadura\/wp-json\/wp\/v2\/posts\/1901\/revisions"}],"wp:attachment":[{"href":"https:\/\/blogs.hoy.es\/senderosextremadura\/wp-json\/wp\/v2\/media?parent=1901"}],"wp:term":[{"taxonomy":"category","embeddable":true,"href":"https:\/\/blogs.hoy.es\/senderosextremadura\/wp-json\/wp\/v2\/categories?post=1901"},{"taxonomy":"post_tag","embeddable":true,"href":"https:\/\/blogs.hoy.es\/senderosextremadura\/wp-json\/wp\/v2\/tags?post=1901"}],"curies":[{"name":"wp","href":"https:\/\/api.w.org\/{rel}","templated":true}]}}