{"id":1904,"date":"2013-06-12T10:51:03","date_gmt":"2013-06-12T10:51:03","guid":{"rendered":"http:\/\/blogs.hoy.es\/senderosextremadura\/?p=1904"},"modified":"2013-06-12T10:51:03","modified_gmt":"2013-06-12T10:51:03","slug":"ruta-al-amanecer-para-dar-la-bienvenida-al-solsticio-de-verano-23-de-junio","status":"publish","type":"post","link":"https:\/\/blogs.hoy.es\/senderosextremadura\/2013\/06\/12\/ruta-al-amanecer-para-dar-la-bienvenida-al-solsticio-de-verano-23-de-junio\/","title":{"rendered":"Ruta al amanecer para dar la bienvenida al solsticio de verano (23 de junio)"},"content":{"rendered":"<p><a href=\"https:\/\/blogs.hoy.es\/senderosextremadura\/\"><img loading=\"lazy\" class=\"aligncenter size-large wp-image-1907\" title=\"\" src=\"\/senderosextremadura\/wp-content\/uploads\/sites\/22\/2013\/06\/amanecer12.jpg\" alt=\"\" width=\"600\" height=\"278\" srcset=\"https:\/\/static-blogs.hoy.es\/wp-content\/uploads\/sites\/22\/2013\/06\/amanecer12.jpg 647w, https:\/\/static-blogs.hoy.es\/wp-content\/uploads\/sites\/22\/2013\/06\/amanecer12-300x139.jpg 300w, https:\/\/static-blogs.hoy.es\/wp-content\/uploads\/sites\/22\/2013\/06\/amanecer12-600x278.jpg 600w\" sizes=\"(max-width: 600px) 100vw, 600px\" \/><\/a><\/p>\n<p>El <a href=\"https:\/\/www.facebook.com\/inijovem\" target=\"_blank\" rel=\"external nofollow\"><strong>INJOVEN<\/strong><\/a>, la Asociaci\u00f3n para\u00a0 de las iniciativas de la Juvendud de Nisa, a trav\u00e9s de su secci\u00f3n de senderismo, prepara la segunda edici\u00f3n de la marcha para dar la bienvenida al solsticio de verano y ver la aurora y el amanecer\u00a0 en el punto m\u00e1s alto del peque\u00f1o municipio portugu\u00e9s de Nisa, en la cumbre de la Sierra de San Miguel. La marcha tendr\u00e1 lugar el pr\u00f3ximo domingo 23 de junio.<\/p>\n<p><!--more--><\/p>\n<p><strong>PROGRAMA DE LA RUTA<\/strong><\/p>\n<p>4:30 a.m. (hora portuguesa) &#8211; Concentraci\u00f3n en P\u00e9 da Serra y saluda desde el centro cultural y recreativo\u00a0 &#8220;Amigos de los pies en Sierra&#8221;);<br \/>\n05 a.m. &#8211; Ver amanecer en el punto m\u00e1s alto de la ruta;<br \/>\n6:05 am &#8211; Salida del sol en la cima de la Sierra de San Miguel;<br \/>\n07 a.m. &#8211; Desayuno junto a &#8220;penoco&#8221; (pasteles y caf\u00e9);<br \/>\n10:30 &#8211; Llegada a la Capilla de Nuestra Se\u00f1ora de la Alegr\u00eda \/ Fin de la marcha;<br \/>\n11.00 &#8211; Preparaci\u00f3n de la sardinada con motivo de la festividad de San Juan.<br \/>\n12:00 &#8211; Almuerzo: Sardinas a la plancha, ensalada de tomate y pimientos asados\u200b\u200b, pan y vino de la regi\u00f3n.<\/p>\n<p>Para obtener m\u00e1s informaci\u00f3n, consulte el formulario de inscripci\u00f3n.<\/p>\n<p>&nbsp;<\/p>\n<p><a href=\"https:\/\/blogs.hoy.es\/senderosextremadura\/\"><img loading=\"lazy\" class=\"aligncenter size-large wp-image-1905\" title=\"\" src=\"\/senderosextremadura\/wp-content\/uploads\/sites\/22\/2013\/06\/ruta-nisa4_n.jpg\" alt=\"\" width=\"600\" height=\"848\" srcset=\"https:\/\/static-blogs.hoy.es\/wp-content\/uploads\/sites\/22\/2013\/06\/ruta-nisa4_n.jpg 679w, https:\/\/static-blogs.hoy.es\/wp-content\/uploads\/sites\/22\/2013\/06\/ruta-nisa4_n-212x300.jpg 212w, https:\/\/static-blogs.hoy.es\/wp-content\/uploads\/sites\/22\/2013\/06\/ruta-nisa4_n-600x848.jpg 600w\" sizes=\"(max-width: 600px) 100vw, 600px\" \/><\/a><\/p>\n<!-- AddThis Advanced Settings generic via filter on the_content --><!-- AddThis Share Buttons generic via filter on the_content -->","protected":false},"excerpt":{"rendered":"<p>El INJOVEN, la Asociaci\u00f3n para\u00a0 de las iniciativas de la Juvendud de Nisa, a trav\u00e9s de su secci\u00f3n de senderismo, prepara la segunda edici\u00f3n de la marcha para dar la bienvenida al solsticio de verano y ver la aurora y el amanecer\u00a0 en el punto m\u00e1s alto del peque\u00f1o municipio portugu\u00e9s de Nisa, en la [&hellip;]<!-- AddThis Advanced Settings generic via filter on get_the_excerpt --><!-- AddThis Share Buttons generic via filter on get_the_excerpt --><\/p>\n","protected":false},"author":27,"featured_media":0,"comment_status":"open","ping_status":"closed","sticky":false,"template":"","format":"standard","meta":[],"categories":[4],"tags":[],"_links":{"self":[{"href":"https:\/\/blogs.hoy.es\/senderosextremadura\/wp-json\/wp\/v2\/posts\/1904"}],"collection":[{"href":"https:\/\/blogs.hoy.es\/senderosextremadura\/wp-json\/wp\/v2\/posts"}],"about":[{"href":"https:\/\/blogs.hoy.es\/senderosextremadura\/wp-json\/wp\/v2\/types\/post"}],"author":[{"embeddable":true,"href":"https:\/\/blogs.hoy.es\/senderosextremadura\/wp-json\/wp\/v2\/users\/27"}],"replies":[{"embeddable":true,"href":"https:\/\/blogs.hoy.es\/senderosextremadura\/wp-json\/wp\/v2\/comments?post=1904"}],"version-history":[{"count":0,"href":"https:\/\/blogs.hoy.es\/senderosextremadura\/wp-json\/wp\/v2\/posts\/1904\/revisions"}],"wp:attachment":[{"href":"https:\/\/blogs.hoy.es\/senderosextremadura\/wp-json\/wp\/v2\/media?parent=1904"}],"wp:term":[{"taxonomy":"category","embeddable":true,"href":"https:\/\/blogs.hoy.es\/senderosextremadura\/wp-json\/wp\/v2\/categories?post=1904"},{"taxonomy":"post_tag","embeddable":true,"href":"https:\/\/blogs.hoy.es\/senderosextremadura\/wp-json\/wp\/v2\/tags?post=1904"}],"curies":[{"name":"wp","href":"https:\/\/api.w.org\/{rel}","templated":true}]}}