{"id":1908,"date":"2013-06-15T09:54:29","date_gmt":"2013-06-15T09:54:29","guid":{"rendered":"http:\/\/blogs.hoy.es\/senderosextremadura\/?p=1908"},"modified":"2013-06-15T09:54:29","modified_gmt":"2013-06-15T09:54:29","slug":"arte-rupestre-en-el-cerro-del-castillo-de-alange-16-de-junio","status":"publish","type":"post","link":"https:\/\/blogs.hoy.es\/senderosextremadura\/2013\/06\/15\/arte-rupestre-en-el-cerro-del-castillo-de-alange-16-de-junio\/","title":{"rendered":"Arte rupestre en el Cerro del Castillo de Alange (16 de junio)"},"content":{"rendered":"<h4 data-ft=\"{\"type\":1,\"tn\":\"K\"}\"><\/h4>\n<h4 data-ft=\"{\"type\":1,\"tn\":\"K\"}\"><a href=\"https:\/\/blogs.hoy.es\/senderosextremadura\/\"><img loading=\"lazy\" class=\"aligncenter size-large wp-image-1909\" title=\"\" src=\"\/senderosextremadura\/wp-content\/uploads\/sites\/22\/2013\/06\/rupestre9_n.jpg\" alt=\"\" width=\"600\" height=\"450\" srcset=\"https:\/\/static-blogs.hoy.es\/wp-content\/uploads\/sites\/22\/2013\/06\/rupestre9_n.jpg 960w, https:\/\/static-blogs.hoy.es\/wp-content\/uploads\/sites\/22\/2013\/06\/rupestre9_n-300x225.jpg 300w, https:\/\/static-blogs.hoy.es\/wp-content\/uploads\/sites\/22\/2013\/06\/rupestre9_n-768x576.jpg 768w, https:\/\/static-blogs.hoy.es\/wp-content\/uploads\/sites\/22\/2013\/06\/rupestre9_n-600x450.jpg 600w\" sizes=\"(max-width: 600px) 100vw, 600px\" \/><\/a><\/h4>\n<h4 data-ft=\"{\"type\":1,\"tn\":\"K\"}\">Este domingo\u00a0 16 de junio la <a id=\"js_60\" href=\"https:\/\/www.facebook.com\/pages\/Asociaci%C3%B3n-Senderista-y-Cultural-Pata-del-Buey-de-Alange\/225905057438009\" data-hovercard=\"\/ajax\/hovercard\/page.php?id=225905057438009\" rel=\"external nofollow\">Asociaci\u00f3n Senderista y Cultural &#8220;Pata del Buey&#8221; de Alange<\/a> realizar\u00e1 la ruta del arte rupestre por la localidad pacense, la salida ser\u00e1 a las 9:00 desde el monumento al agua (La laguna). La ruta planteada tiene tramos de dificultad muy alta y no es aconsejable para todo tipo de p\u00fablico. Es necesario tener una cierta preparaci\u00f3n f\u00edsica y calzado apropiado ya que para acceder a las pinturas hay que trepar por rocas. A toda persona que no re\u00fana las condiciones que se establezcan no se le permitir\u00e1 realizar la actividad con esta asociaci\u00f3n ya que la directiva no se responsabiliza de ning\u00fan incidente personal que le pueda ocurrir a cualquiera de los asistentes.<\/h4>\n<!-- AddThis Advanced Settings generic via filter on the_content --><!-- AddThis Share Buttons generic via filter on the_content -->","protected":false},"excerpt":{"rendered":"<p>Este domingo\u00a0 16 de junio la Asociaci\u00f3n Senderista y Cultural &#8220;Pata del Buey&#8221; de Alange realizar\u00e1 la ruta del arte rupestre por la localidad pacense, la salida ser\u00e1 a las 9:00 desde el monumento al agua (La laguna). La ruta planteada tiene tramos de dificultad muy alta y no es aconsejable para todo tipo de [&hellip;]<!-- AddThis Advanced Settings generic via filter on get_the_excerpt --><!-- AddThis Share Buttons generic via filter on get_the_excerpt --><\/p>\n","protected":false},"author":27,"featured_media":0,"comment_status":"open","ping_status":"closed","sticky":false,"template":"","format":"standard","meta":[],"categories":[4],"tags":[20,223,821,836,917,950,1035],"_links":{"self":[{"href":"https:\/\/blogs.hoy.es\/senderosextremadura\/wp-json\/wp\/v2\/posts\/1908"}],"collection":[{"href":"https:\/\/blogs.hoy.es\/senderosextremadura\/wp-json\/wp\/v2\/posts"}],"about":[{"href":"https:\/\/blogs.hoy.es\/senderosextremadura\/wp-json\/wp\/v2\/types\/post"}],"author":[{"embeddable":true,"href":"https:\/\/blogs.hoy.es\/senderosextremadura\/wp-json\/wp\/v2\/users\/27"}],"replies":[{"embeddable":true,"href":"https:\/\/blogs.hoy.es\/senderosextremadura\/wp-json\/wp\/v2\/comments?post=1908"}],"version-history":[{"count":0,"href":"https:\/\/blogs.hoy.es\/senderosextremadura\/wp-json\/wp\/v2\/posts\/1908\/revisions"}],"wp:attachment":[{"href":"https:\/\/blogs.hoy.es\/senderosextremadura\/wp-json\/wp\/v2\/media?parent=1908"}],"wp:term":[{"taxonomy":"category","embeddable":true,"href":"https:\/\/blogs.hoy.es\/senderosextremadura\/wp-json\/wp\/v2\/categories?post=1908"},{"taxonomy":"post_tag","embeddable":true,"href":"https:\/\/blogs.hoy.es\/senderosextremadura\/wp-json\/wp\/v2\/tags?post=1908"}],"curies":[{"name":"wp","href":"https:\/\/api.w.org\/{rel}","templated":true}]}}