{"id":1911,"date":"2013-07-14T20:42:15","date_gmt":"2013-07-14T20:42:15","guid":{"rendered":"http:\/\/blogs.hoy.es\/senderosextremadura\/?p=1911"},"modified":"2013-07-14T20:42:15","modified_gmt":"2013-07-14T20:42:15","slug":"ruta-nocturna-de-los-chozos-19-de-julio","status":"publish","type":"post","link":"https:\/\/blogs.hoy.es\/senderosextremadura\/2013\/07\/14\/ruta-nocturna-de-los-chozos-19-de-julio\/","title":{"rendered":"Ruta nocturna de Los Chozos (19 de julio)"},"content":{"rendered":"<p>La <a href=\"http:\/\/senderismosalvaleon.blogspot.com.es\/2013\/06\/ruta-nocturna-de-senderismo-los-chozos.html?spref=fb\" rel=\"external nofollow\"><strong>asociaci\u00f3n senderista de Salvale\u00f3n &#8216;El encinar&#8217;<\/strong> <\/a>se prepara para el Camino de Santiago. Un plan cultural, religioso y de naturaleza que seduce a muchos senderistas extreme\u00f1os en \u00e9poca estival. Como entrenamiento, los caminantes pacenses han programado una ruta nocturna por la localidad. Tendr\u00e1 lugar este viernes 19 de junio.\u00a0 Se trata d euna marcha de 18 Km a trav\u00e9s de la Dehesa Monteporrino de Salvale\u00f3n.<\/p>\n<p>&nbsp;<\/p>\n<p>M\u00c1S INFORMACI\u00d3N EN EL <a href=\"http:\/\/senderismosalvaleon.blogspot.com.es\/2013\/06\/ruta-nocturna-de-senderismo-los-chozos.html?spref=fb\" rel=\"external nofollow\"><strong>BLOG DE LA ASOCIACI\u00d3N<\/strong><\/a><\/p>\n<p><!--more--><\/p>\n<p>&nbsp;<\/p>\n<p><a href=\"https:\/\/blogs.hoy.es\/senderosextremadura\/\"><img loading=\"lazy\" class=\"aligncenter size-large wp-image-1912\" title=\"\" src=\"\/senderosextremadura\/wp-content\/uploads\/sites\/22\/2013\/06\/salvaleon_n.jpg\" alt=\"\" width=\"600\" height=\"897\" srcset=\"https:\/\/static-blogs.hoy.es\/wp-content\/uploads\/sites\/22\/2013\/06\/salvaleon_n.jpg 642w, https:\/\/static-blogs.hoy.es\/wp-content\/uploads\/sites\/22\/2013\/06\/salvaleon_n-201x300.jpg 201w, https:\/\/static-blogs.hoy.es\/wp-content\/uploads\/sites\/22\/2013\/06\/salvaleon_n-600x897.jpg 600w\" sizes=\"(max-width: 600px) 100vw, 600px\" \/><\/a><\/p>\n<!-- AddThis Advanced Settings generic via filter on the_content --><!-- AddThis Share Buttons generic via filter on the_content -->","protected":false},"excerpt":{"rendered":"<p>La asociaci\u00f3n senderista de Salvale\u00f3n &#8216;El encinar&#8217; se prepara para el Camino de Santiago. Un plan cultural, religioso y de naturaleza que seduce a muchos senderistas extreme\u00f1os en \u00e9poca estival. Como entrenamiento, los caminantes pacenses han programado una ruta nocturna por la localidad. Tendr\u00e1 lugar este viernes 19 de junio.\u00a0 Se trata d euna marcha [&hellip;]<!-- AddThis Advanced Settings generic via filter on get_the_excerpt --><!-- AddThis Share Buttons generic via filter on get_the_excerpt --><\/p>\n","protected":false},"author":27,"featured_media":0,"comment_status":"open","ping_status":"closed","sticky":false,"template":"","format":"standard","meta":[],"categories":[4],"tags":[251,533,817,836,884],"_links":{"self":[{"href":"https:\/\/blogs.hoy.es\/senderosextremadura\/wp-json\/wp\/v2\/posts\/1911"}],"collection":[{"href":"https:\/\/blogs.hoy.es\/senderosextremadura\/wp-json\/wp\/v2\/posts"}],"about":[{"href":"https:\/\/blogs.hoy.es\/senderosextremadura\/wp-json\/wp\/v2\/types\/post"}],"author":[{"embeddable":true,"href":"https:\/\/blogs.hoy.es\/senderosextremadura\/wp-json\/wp\/v2\/users\/27"}],"replies":[{"embeddable":true,"href":"https:\/\/blogs.hoy.es\/senderosextremadura\/wp-json\/wp\/v2\/comments?post=1911"}],"version-history":[{"count":0,"href":"https:\/\/blogs.hoy.es\/senderosextremadura\/wp-json\/wp\/v2\/posts\/1911\/revisions"}],"wp:attachment":[{"href":"https:\/\/blogs.hoy.es\/senderosextremadura\/wp-json\/wp\/v2\/media?parent=1911"}],"wp:term":[{"taxonomy":"category","embeddable":true,"href":"https:\/\/blogs.hoy.es\/senderosextremadura\/wp-json\/wp\/v2\/categories?post=1911"},{"taxonomy":"post_tag","embeddable":true,"href":"https:\/\/blogs.hoy.es\/senderosextremadura\/wp-json\/wp\/v2\/tags?post=1911"}],"curies":[{"name":"wp","href":"https:\/\/api.w.org\/{rel}","templated":true}]}}