{"id":1919,"date":"2013-06-18T11:23:21","date_gmt":"2013-06-18T11:23:21","guid":{"rendered":"http:\/\/blogs.hoy.es\/senderosextremadura\/?p=1919"},"modified":"2013-06-18T11:23:21","modified_gmt":"2013-06-18T11:23:21","slug":"rutas-senderistas-a-las-lagunas-de-gredos-con-montaneros-de-losar","status":"publish","type":"post","link":"https:\/\/blogs.hoy.es\/senderosextremadura\/2013\/06\/18\/rutas-senderistas-a-las-lagunas-de-gredos-con-montaneros-de-losar\/","title":{"rendered":"Rutas senderistas a las lagunas de Gredos con monta\u00f1eros de Losar"},"content":{"rendered":"<p>Dos opciones con sendas rutas senderistas para una misma salida a la sierra de Gredos. Esta es la propuesta de la Secci\u00f3n de Monta\u00f1a del C.P. Losare\u00f1o para el \u00faltimo fin de semana del mes. Los participantes podr\u00e1n elegir entre la ruta de las Cinco Lagunas (de dificultad alta) y la de la Laguna Grande (media-baja). Informaci\u00f3n e inscripciones en la casa de la cultura.<\/p>\n<!-- AddThis Advanced Settings generic via filter on the_content --><!-- AddThis Share Buttons generic via filter on the_content -->","protected":false},"excerpt":{"rendered":"<p>Dos opciones con sendas rutas senderistas para una misma salida a la sierra de Gredos. Esta es la propuesta de la Secci\u00f3n de Monta\u00f1a del C.P. Losare\u00f1o para el \u00faltimo fin de semana del mes. Los participantes podr\u00e1n elegir entre la ruta de las Cinco Lagunas (de dificultad alta) y la de la Laguna Grande [&hellip;]<!-- AddThis Advanced Settings generic via filter on get_the_excerpt --><!-- AddThis Share Buttons generic via filter on get_the_excerpt --><\/p>\n","protected":false},"author":27,"featured_media":0,"comment_status":"open","ping_status":"closed","sticky":false,"template":"","format":"standard","meta":[],"categories":[4],"tags":[301,460,836],"_links":{"self":[{"href":"https:\/\/blogs.hoy.es\/senderosextremadura\/wp-json\/wp\/v2\/posts\/1919"}],"collection":[{"href":"https:\/\/blogs.hoy.es\/senderosextremadura\/wp-json\/wp\/v2\/posts"}],"about":[{"href":"https:\/\/blogs.hoy.es\/senderosextremadura\/wp-json\/wp\/v2\/types\/post"}],"author":[{"embeddable":true,"href":"https:\/\/blogs.hoy.es\/senderosextremadura\/wp-json\/wp\/v2\/users\/27"}],"replies":[{"embeddable":true,"href":"https:\/\/blogs.hoy.es\/senderosextremadura\/wp-json\/wp\/v2\/comments?post=1919"}],"version-history":[{"count":0,"href":"https:\/\/blogs.hoy.es\/senderosextremadura\/wp-json\/wp\/v2\/posts\/1919\/revisions"}],"wp:attachment":[{"href":"https:\/\/blogs.hoy.es\/senderosextremadura\/wp-json\/wp\/v2\/media?parent=1919"}],"wp:term":[{"taxonomy":"category","embeddable":true,"href":"https:\/\/blogs.hoy.es\/senderosextremadura\/wp-json\/wp\/v2\/categories?post=1919"},{"taxonomy":"post_tag","embeddable":true,"href":"https:\/\/blogs.hoy.es\/senderosextremadura\/wp-json\/wp\/v2\/tags?post=1919"}],"curies":[{"name":"wp","href":"https:\/\/api.w.org\/{rel}","templated":true}]}}