{"id":1927,"date":"2013-06-19T10:07:31","date_gmt":"2013-06-19T10:07:31","guid":{"rendered":"http:\/\/blogs.hoy.es\/senderosextremadura\/?p=1927"},"modified":"2013-06-19T10:07:31","modified_gmt":"2013-06-19T10:07:31","slug":"ruta-nocturna-por-guarena-22-de-junio","status":"publish","type":"post","link":"https:\/\/blogs.hoy.es\/senderosextremadura\/2013\/06\/19\/ruta-nocturna-por-guarena-22-de-junio\/","title":{"rendered":"Ruta nocturna por Guare\u00f1a (22 de junio)"},"content":{"rendered":"<p>Este s\u00e1bado 22 de junio, los <a href=\"http:\/\/clubdesendederismovaldearenales.blogspot.com.es\/\" rel=\"external nofollow\"><strong>senderistas de Guare\u00f1a del club Valdearenales<\/strong><\/a> tambi\u00e9n realizar\u00e1n una bonita\u00a0 nocturna a la luz de la luna, en este caso por la localidad pacense.\u00a0 El club invita a participar en la marcha a todas aquellas personas que por una raz\u00f3n u otra no se atreven a participar en otras rutas\u00a0 por miedo a no ser capaces de aguantar todos los kil\u00f3metros que suelen hacer. Esta marcha solo tendr\u00e1 ocho kil\u00f3metros y una duraci\u00f3n media de unas dos horas como m\u00e1ximo. Los caminantes saldr\u00e1n a las 22 horas del centro sociocultural San Gin\u00e9s.<\/p>\n<p>&nbsp;<\/p>\n<p>M\u00e1s informaci\u00f3n en la <a href=\"http:\/\/clubdesendederismovaldearenales.blogspot.com.es\/\" target=\"_blank\" rel=\"external nofollow\"><strong>web del club Valdearenales.<\/strong><\/a><\/p>\n<!-- AddThis Advanced Settings generic via filter on the_content --><!-- AddThis Share Buttons generic via filter on the_content -->","protected":false},"excerpt":{"rendered":"<p>Este s\u00e1bado 22 de junio, los senderistas de Guare\u00f1a del club Valdearenales tambi\u00e9n realizar\u00e1n una bonita\u00a0 nocturna a la luz de la luna, en este caso por la localidad pacense.\u00a0 El club invita a participar en la marcha a todas aquellas personas que por una raz\u00f3n u otra no se atreven a participar en otras [&hellip;]<!-- AddThis Advanced Settings generic via filter on get_the_excerpt --><!-- AddThis Share Buttons generic via filter on get_the_excerpt --><\/p>\n","protected":false},"author":27,"featured_media":0,"comment_status":"open","ping_status":"closed","sticky":false,"template":"","format":"standard","meta":[],"categories":[4],"tags":[372,769,836,906],"_links":{"self":[{"href":"https:\/\/blogs.hoy.es\/senderosextremadura\/wp-json\/wp\/v2\/posts\/1927"}],"collection":[{"href":"https:\/\/blogs.hoy.es\/senderosextremadura\/wp-json\/wp\/v2\/posts"}],"about":[{"href":"https:\/\/blogs.hoy.es\/senderosextremadura\/wp-json\/wp\/v2\/types\/post"}],"author":[{"embeddable":true,"href":"https:\/\/blogs.hoy.es\/senderosextremadura\/wp-json\/wp\/v2\/users\/27"}],"replies":[{"embeddable":true,"href":"https:\/\/blogs.hoy.es\/senderosextremadura\/wp-json\/wp\/v2\/comments?post=1927"}],"version-history":[{"count":0,"href":"https:\/\/blogs.hoy.es\/senderosextremadura\/wp-json\/wp\/v2\/posts\/1927\/revisions"}],"wp:attachment":[{"href":"https:\/\/blogs.hoy.es\/senderosextremadura\/wp-json\/wp\/v2\/media?parent=1927"}],"wp:term":[{"taxonomy":"category","embeddable":true,"href":"https:\/\/blogs.hoy.es\/senderosextremadura\/wp-json\/wp\/v2\/categories?post=1927"},{"taxonomy":"post_tag","embeddable":true,"href":"https:\/\/blogs.hoy.es\/senderosextremadura\/wp-json\/wp\/v2\/tags?post=1927"}],"curies":[{"name":"wp","href":"https:\/\/api.w.org\/{rel}","templated":true}]}}