{"id":1930,"date":"2013-06-20T09:40:49","date_gmt":"2013-06-20T09:40:49","guid":{"rendered":"http:\/\/blogs.hoy.es\/senderosextremadura\/?p=1930"},"modified":"2013-06-20T09:40:49","modified_gmt":"2013-06-20T09:40:49","slug":"ruta-de-san-juan-22-de-junio","status":"publish","type":"post","link":"https:\/\/blogs.hoy.es\/senderosextremadura\/2013\/06\/20\/ruta-de-san-juan-22-de-junio\/","title":{"rendered":"Ruta de las huertas y San Juan (22 de junio)"},"content":{"rendered":"<p><a href=\"https:\/\/blogs.hoy.es\/senderosextremadura\/\"><img loading=\"lazy\" class=\"size-large wp-image-1932 aligncenter\" title=\"\" src=\"\/senderosextremadura\/wp-content\/uploads\/sites\/22\/2013\/06\/albercas.jpg\" alt=\"\" width=\"600\" height=\"431\" srcset=\"https:\/\/static-blogs.hoy.es\/wp-content\/uploads\/sites\/22\/2013\/06\/albercas.jpg 948w, https:\/\/static-blogs.hoy.es\/wp-content\/uploads\/sites\/22\/2013\/06\/albercas-300x216.jpg 300w, https:\/\/static-blogs.hoy.es\/wp-content\/uploads\/sites\/22\/2013\/06\/albercas-768x552.jpg 768w, https:\/\/static-blogs.hoy.es\/wp-content\/uploads\/sites\/22\/2013\/06\/albercas-600x431.jpg 600w\" sizes=\"(max-width: 600px) 100vw, 600px\" \/><\/a><\/p>\n<p>&nbsp;<\/p>\n<p>Conocer lugares de <strong>inter\u00e9s medioambiental y patrimonial de Extremadura<\/strong> y recibir explicaciones \u00a0sobre ellos llegada la <strong>festividad de San Juan,\u00a0<\/strong> acompa\u00f1ados adem\u00e1s de leyendas bajo la luna llena, har\u00e1 de esta ruta que os proponemos una experiencia especial. Ese es el planteamiento que introduce el grupo de <strong>Amigos Senderistas La Alberca<\/strong> de <strong>Ribera del Fresno<\/strong> cuando se form\u00f3. El objetivo primordial, m\u00e1s que meramente deportivo y medioambiental, &#8220;es recuperar de la mano de la etnograf\u00eda tradiciones y costumbres que en otra \u00e9poca eran f\u00e1ciles de escuchar en boca de nuestros mayores&#8221;.<\/p>\n<p>La siguiente actividad organizada por el club ser\u00e1 la <strong>Ruta de las huertas y la noche de San Juan<\/strong>. Tendr\u00e1 lugar el 22 de junio. Los caminantes partir\u00e1n a las 20 horas del atrio del Cristo de la Miseriocordia de Ribera del Fresno, en direcci\u00f3n \u00a0a la calle Sevilla para tomar a continuaci\u00f3n el camino de Bienvenida o del <strong>Pozo de San Juan Mac\u00edas &#8211;<\/strong>santo oriundo de la localidad pacense al que se guarda gran devoci\u00f3n-.<\/p>\n<p>A continuaci\u00f3n ir\u00e1n por el camino que sale a la derecha, el de <strong>Calzadilla de los Barros<\/strong>, por donde empezar\u00e1n \u00a0a ver huertas hasta llegar a la Pesquera, donde parar\u00e1n \u00a0para comprar fruta en alguna huerta y como tambi\u00e9n conocer la leyenda que nos guarda una hacienda, la de don Juan de Brito en sus bodegas, m\u00e1s tarde iremos a la Pesquera donde termina la Ruta de los ni\u00f1os, ya que era parte elemental en la \u00e9poca de nuestros padre y abuelos y comienza la de los adultos&#8221;.<\/p>\n<p>Es aqu\u00ed donde\u00a0partiendo del paraje conocido por la Pesquera, se tomar\u00e1 el camino a Calzadilla direcci\u00f3n a la huerta de do\u00f1a Alegr\u00eda Vargas Z\u00fa\u00f1iga, Se\u00f1ora de Valmoreno. Cruzar\u00e1n algunos riachuelos, tomar\u00e1n el Camino que va al Coto y\u00a0 al conocido como Cortijo Bonito, lugar de clausura de \u00e9sta ruta novedosa como natural antes de regresar al pueblo.<\/p>\n<p>Mar\u00eda del Carmen resalta que con esta primera ruta de las albercas &#8220;se pretende ense\u00f1ar una tradici\u00f3n de nuestro pueblo ya desaparecida\u201d. La ribera cuenta con \u00a0un buen numero de huertas con norias y albercas, por lo que \u201cqueremos que nos acompa\u00f1en ni\u00f1os y personas mayores que deseen recordar tiempos pasados&#8221;. Son 12 kil\u00f3metros que se har\u00e1n muy cortos, de ninguna dificultad,&#8221; tras los \u00e9xitos cosechados en ambas rutas anteriores Hornachuelos, Lavadero de Lanas este grupo senderista apuesta por lo m\u00e1s nuestro y aut\u00f3ctono, conocer haciendas, huertas, norias y pilones, as\u00ed como el acceso a Ribera del Fresno por su antigua Pontezuela, que denota la buena acogida que tuvieron en su d\u00eda al hacer menci\u00f3n a ellas y m\u00e1s ahora por la festividad de San Juan.<\/p>\n<p>La tercera visita de esta entrega se har\u00e1 el pr\u00f3ximo s\u00e1bado a las huertas de las Vegas de la Ribera del Valdemedel, donde habr\u00e1 una por los lugares de inter\u00e9s hist\u00f3rico-art\u00edstico del municipio, con una marcha a los Pilones. En \u00e9sta ocasi\u00f3n se contar\u00e1 con la colaboraci\u00f3n del investigador local Juan Francisco Llano, que acercar\u00e1 las leyendas de un pasado no muy lejano al p\u00fablico asistente que a las 20:00 horas decida sumarse a esta peculiar y ancestral visita.<\/p>\n<p>&nbsp;<\/p>\n<!-- AddThis Advanced Settings generic via filter on the_content --><!-- AddThis Share Buttons generic via filter on the_content -->","protected":false},"excerpt":{"rendered":"<p>&nbsp; Conocer lugares de inter\u00e9s medioambiental y patrimonial de Extremadura y recibir explicaciones \u00a0sobre ellos llegada la festividad de San Juan,\u00a0 acompa\u00f1ados adem\u00e1s de leyendas bajo la luna llena, har\u00e1 de esta ruta que os proponemos una experiencia especial. Ese es el planteamiento que introduce el grupo de Amigos Senderistas La Alberca de Ribera del [&hellip;]<!-- AddThis Advanced Settings generic via filter on get_the_excerpt --><!-- AddThis Share Buttons generic via filter on get_the_excerpt --><\/p>\n","protected":false},"author":27,"featured_media":0,"comment_status":"open","ping_status":"closed","sticky":false,"template":"","format":"standard","meta":[],"categories":[4],"tags":[],"_links":{"self":[{"href":"https:\/\/blogs.hoy.es\/senderosextremadura\/wp-json\/wp\/v2\/posts\/1930"}],"collection":[{"href":"https:\/\/blogs.hoy.es\/senderosextremadura\/wp-json\/wp\/v2\/posts"}],"about":[{"href":"https:\/\/blogs.hoy.es\/senderosextremadura\/wp-json\/wp\/v2\/types\/post"}],"author":[{"embeddable":true,"href":"https:\/\/blogs.hoy.es\/senderosextremadura\/wp-json\/wp\/v2\/users\/27"}],"replies":[{"embeddable":true,"href":"https:\/\/blogs.hoy.es\/senderosextremadura\/wp-json\/wp\/v2\/comments?post=1930"}],"version-history":[{"count":0,"href":"https:\/\/blogs.hoy.es\/senderosextremadura\/wp-json\/wp\/v2\/posts\/1930\/revisions"}],"wp:attachment":[{"href":"https:\/\/blogs.hoy.es\/senderosextremadura\/wp-json\/wp\/v2\/media?parent=1930"}],"wp:term":[{"taxonomy":"category","embeddable":true,"href":"https:\/\/blogs.hoy.es\/senderosextremadura\/wp-json\/wp\/v2\/categories?post=1930"},{"taxonomy":"post_tag","embeddable":true,"href":"https:\/\/blogs.hoy.es\/senderosextremadura\/wp-json\/wp\/v2\/tags?post=1930"}],"curies":[{"name":"wp","href":"https:\/\/api.w.org\/{rel}","templated":true}]}}