{"id":1933,"date":"2013-07-20T16:33:46","date_gmt":"2013-07-20T16:33:46","guid":{"rendered":"http:\/\/blogs.hoy.es\/senderosextremadura\/?p=1933"},"modified":"2013-07-20T16:33:46","modified_gmt":"2013-07-20T16:33:46","slug":"iii-ruta-nocturna-luna-marinera-de-alange-20-de-julio","status":"publish","type":"post","link":"https:\/\/blogs.hoy.es\/senderosextremadura\/2013\/07\/20\/iii-ruta-nocturna-luna-marinera-de-alange-20-de-julio\/","title":{"rendered":"III Ruta nocturna &#039;Luna Marinera&#039; de Alange (Galer\u00eda)"},"content":{"rendered":"<p><a href=\"https:\/\/blogs.hoy.es\/senderosextremadura\/2013\/07\/20\/iii-ruta-nocturna-luna-marinera-de-alange-20-de-julio\/1005197_187638478079401_913070356_n1\/\" rel=\"attachment wp-att-1963\"><img loading=\"lazy\" class=\"aligncenter size-large wp-image-1963\" title=\"\" src=\"\/senderosextremadura\/wp-content\/uploads\/sites\/22\/2013\/06\/1005197_187638478079401_913070356_n1.jpg\" alt=\"\" width=\"600\" height=\"450\" srcset=\"https:\/\/static-blogs.hoy.es\/wp-content\/uploads\/sites\/22\/2013\/06\/1005197_187638478079401_913070356_n1.jpg 960w, https:\/\/static-blogs.hoy.es\/wp-content\/uploads\/sites\/22\/2013\/06\/1005197_187638478079401_913070356_n1-300x225.jpg 300w, https:\/\/static-blogs.hoy.es\/wp-content\/uploads\/sites\/22\/2013\/06\/1005197_187638478079401_913070356_n1-768x576.jpg 768w, https:\/\/static-blogs.hoy.es\/wp-content\/uploads\/sites\/22\/2013\/06\/1005197_187638478079401_913070356_n1-600x450.jpg 600w\" sizes=\"(max-width: 600px) 100vw, 600px\" \/><\/a><\/p>\n<p>La Asociaci\u00f3n Senderista y Cultural <strong>Pata del Buey<\/strong> de Alange celebr\u00f3 con \u00e9xito el pasado s\u00e1bado una de sus actividades de verano m\u00e1s esperadas, la III Ruta Nocturna \u201cLuna Marinera\u201d. La marcha, encuentra encuadrada en el <strong>Circuito Extreme\u00f1o de Rutas Senderistas<\/strong>, cont\u00f3 con la participaci\u00f3n de unos 500 senderistas venidos de muy distintos puntos de la regi\u00f3n.\u00a0 En el siguiente enlace pod\u00e9is ver algunas fotos de la ruta.\u00a0 <a href=\"http:\/\/www.hoy.es\/\/multimedia\/fotos\/regional\/20130722\/ruta-luna-marinera-alange-3054179918772-mm.html\" rel=\"external nofollow\"><strong>VER LA GALER\u00cdA COMPLETA<\/strong><\/a><\/p>\n<p><!--more--><\/p>\n<p>&nbsp;<\/p>\n<!-- AddThis Advanced Settings generic via filter on the_content --><!-- AddThis Share Buttons generic via filter on the_content -->","protected":false},"excerpt":{"rendered":"<p>La Asociaci\u00f3n Senderista y Cultural Pata del Buey de Alange celebr\u00f3 con \u00e9xito el pasado s\u00e1bado una de sus actividades de verano m\u00e1s esperadas, la III Ruta Nocturna \u201cLuna Marinera\u201d. La marcha, encuentra encuadrada en el Circuito Extreme\u00f1o de Rutas Senderistas, cont\u00f3 con la participaci\u00f3n de unos 500 senderistas venidos de muy distintos puntos de [&hellip;]<!-- AddThis Advanced Settings generic via filter on get_the_excerpt --><!-- AddThis Share Buttons generic via filter on get_the_excerpt --><\/p>\n","protected":false},"author":27,"featured_media":0,"comment_status":"open","ping_status":"closed","sticky":false,"template":"","format":"standard","meta":[],"categories":[4],"tags":[],"_links":{"self":[{"href":"https:\/\/blogs.hoy.es\/senderosextremadura\/wp-json\/wp\/v2\/posts\/1933"}],"collection":[{"href":"https:\/\/blogs.hoy.es\/senderosextremadura\/wp-json\/wp\/v2\/posts"}],"about":[{"href":"https:\/\/blogs.hoy.es\/senderosextremadura\/wp-json\/wp\/v2\/types\/post"}],"author":[{"embeddable":true,"href":"https:\/\/blogs.hoy.es\/senderosextremadura\/wp-json\/wp\/v2\/users\/27"}],"replies":[{"embeddable":true,"href":"https:\/\/blogs.hoy.es\/senderosextremadura\/wp-json\/wp\/v2\/comments?post=1933"}],"version-history":[{"count":0,"href":"https:\/\/blogs.hoy.es\/senderosextremadura\/wp-json\/wp\/v2\/posts\/1933\/revisions"}],"wp:attachment":[{"href":"https:\/\/blogs.hoy.es\/senderosextremadura\/wp-json\/wp\/v2\/media?parent=1933"}],"wp:term":[{"taxonomy":"category","embeddable":true,"href":"https:\/\/blogs.hoy.es\/senderosextremadura\/wp-json\/wp\/v2\/categories?post=1933"},{"taxonomy":"post_tag","embeddable":true,"href":"https:\/\/blogs.hoy.es\/senderosextremadura\/wp-json\/wp\/v2\/tags?post=1933"}],"curies":[{"name":"wp","href":"https:\/\/api.w.org\/{rel}","templated":true}]}}