{"id":1941,"date":"2013-06-26T17:16:25","date_gmt":"2013-06-26T17:16:25","guid":{"rendered":"http:\/\/blogs.hoy.es\/senderosextremadura\/?p=1941"},"modified":"2013-06-26T17:16:25","modified_gmt":"2013-06-26T17:16:25","slug":"ruta-nocturna-de-las-capillas-13-de-julio","status":"publish","type":"post","link":"https:\/\/blogs.hoy.es\/senderosextremadura\/2013\/06\/26\/ruta-nocturna-de-las-capillas-13-de-julio\/","title":{"rendered":"Ruta nocturna por las capillas de Nisa, Portugal (13 de julio)"},"content":{"rendered":"<p><a href=\"https:\/\/blogs.hoy.es\/senderosextremadura\/\"><img loading=\"lazy\" class=\"wp-image-1942 aligncenter\" title=\"\" src=\"\/senderosextremadura\/wp-content\/uploads\/sites\/22\/2013\/06\/capelas1.jpg\" alt=\"\" width=\"600\" height=\"292\" srcset=\"https:\/\/static-blogs.hoy.es\/wp-content\/uploads\/sites\/22\/2013\/06\/capelas1.jpg 760w, https:\/\/static-blogs.hoy.es\/wp-content\/uploads\/sites\/22\/2013\/06\/capelas1-300x146.jpg 300w, https:\/\/static-blogs.hoy.es\/wp-content\/uploads\/sites\/22\/2013\/06\/capelas1-600x292.jpg 600w\" sizes=\"(max-width: 600px) 100vw, 600px\" \/><\/a><\/p>\n<p>Una vez m\u00e1s el <a href=\"https:\/\/www.facebook.com\/inijovem\" target=\"_blank\" rel=\"external nofollow\"><strong>INJOVEN<\/strong><\/a>, la Asociaci\u00f3n para las iniciativas de la Juvendud de Nisa (Portugal), nos hace part\u00edcipes de sus actividades senderistas. En esta ocasi\u00f3n han preparado una marcha nocturna por las ermitas y capillas de la localidad que tendr\u00e1 lugar el pr\u00f3ximo 13 de julio. Se trata de una traves\u00eda de 11,8 km y dificultad baja que recorrer\u00e1 caminos de tierra batida con algunos tramos de asfalto.<\/p>\n<p>Los caminantes se concentrar\u00e1n a las 19.30 horas en Nisa, en la sede del INIJOVEM. La ruta comenzar\u00e1 a las 20 horas y una hora y media despu\u00e9s los caminantes llegar\u00e1n a la capilla de San Andr\u00e9s, donde se ubicar\u00e1 un punto de avituallamiento. Y a las 22.30 horas los participantes estar\u00e1n en la capilla de Nuestra Se\u00f1ora de Gra\u00e7a, punto de llegada. Se trata de una traves\u00eda de 11,8 km y dificultad baja que recorrer\u00e1 caminos de tierra batida con algunos tramos de asfalto.<\/p>\n<p><strong>RECORRIDO<\/strong><\/p>\n<p>Nisa (sede da INIJOVEM) &#8211; Cruz das Almas\/antiga Capela de S. Catarina \u2013 Capela de S. Ant\u00f3nio \u2013 ZAE &#8211; Rolengo \u2013 Estrada do Patalou -4 Caminhos \u2013 Bruceira \u2013 Capela de S. Andr\u00e9 (reab) \u2013 Carreia Velha \u2013 EM526 \u2013 Capela de S. Louren\u00e7o \u2013 Capela de Santiago (ru\u00ednas) \u2013Capela dos Fi\u00e9is de Deus \u2013 Capela de N\u00aa Sr\u00aa dos Prazeres \u2013 Capela de N\u00aa Sr\u00aa da Gra\u00e7a;<\/p>\n<p>Los principales puntos de inter\u00e9s son las ermitas y capillas del t\u00e9rmino de Nisa. Es obligatorio pagar en el momento de inscripci\u00f3n. Incluye seguro y el resto de documentaci\u00f3n. La fecha l\u00edmite para inscribirse es el 11 de julio.<\/p>\n<p>Es imprescindible el uso de linterna frontal con pilas de repuesto. Tambi\u00e9n se recomienda llevar ropa y calzado adecuado, principalmente botas de trekking.<\/p>\n<p>M\u00e1s informaci\u00f3n en el <a href=\"https:\/\/www.facebook.com\/inijovem\" target=\"_blank\" rel=\"external nofollow\"><strong>perfil de Facebook del INJOVEM<\/strong><\/a><\/p>\n<!-- AddThis Advanced Settings generic via filter on the_content --><!-- AddThis Share Buttons generic via filter on the_content -->","protected":false},"excerpt":{"rendered":"<p>Una vez m\u00e1s el INJOVEN, la Asociaci\u00f3n para las iniciativas de la Juvendud de Nisa (Portugal), nos hace part\u00edcipes de sus actividades senderistas. En esta ocasi\u00f3n han preparado una marcha nocturna por las ermitas y capillas de la localidad que tendr\u00e1 lugar el pr\u00f3ximo 13 de julio. Se trata de una traves\u00eda de 11,8 km [&hellip;]<!-- AddThis Advanced Settings generic via filter on get_the_excerpt --><!-- AddThis Share Buttons generic via filter on get_the_excerpt --><\/p>\n","protected":false},"author":27,"featured_media":0,"comment_status":"open","ping_status":"closed","sticky":false,"template":"","format":"standard","meta":[],"categories":[4],"tags":[],"_links":{"self":[{"href":"https:\/\/blogs.hoy.es\/senderosextremadura\/wp-json\/wp\/v2\/posts\/1941"}],"collection":[{"href":"https:\/\/blogs.hoy.es\/senderosextremadura\/wp-json\/wp\/v2\/posts"}],"about":[{"href":"https:\/\/blogs.hoy.es\/senderosextremadura\/wp-json\/wp\/v2\/types\/post"}],"author":[{"embeddable":true,"href":"https:\/\/blogs.hoy.es\/senderosextremadura\/wp-json\/wp\/v2\/users\/27"}],"replies":[{"embeddable":true,"href":"https:\/\/blogs.hoy.es\/senderosextremadura\/wp-json\/wp\/v2\/comments?post=1941"}],"version-history":[{"count":0,"href":"https:\/\/blogs.hoy.es\/senderosextremadura\/wp-json\/wp\/v2\/posts\/1941\/revisions"}],"wp:attachment":[{"href":"https:\/\/blogs.hoy.es\/senderosextremadura\/wp-json\/wp\/v2\/media?parent=1941"}],"wp:term":[{"taxonomy":"category","embeddable":true,"href":"https:\/\/blogs.hoy.es\/senderosextremadura\/wp-json\/wp\/v2\/categories?post=1941"},{"taxonomy":"post_tag","embeddable":true,"href":"https:\/\/blogs.hoy.es\/senderosextremadura\/wp-json\/wp\/v2\/tags?post=1941"}],"curies":[{"name":"wp","href":"https:\/\/api.w.org\/{rel}","templated":true}]}}