{"id":1944,"date":"2013-06-29T08:40:10","date_gmt":"2013-06-29T08:40:10","guid":{"rendered":"http:\/\/blogs.hoy.es\/senderosextremadura\/?p=1944"},"modified":"2013-06-29T08:40:10","modified_gmt":"2013-06-29T08:40:10","slug":"ruta-nocturna-por-la-sierra-de-alor","status":"publish","type":"post","link":"https:\/\/blogs.hoy.es\/senderosextremadura\/2013\/06\/29\/ruta-nocturna-por-la-sierra-de-alor\/","title":{"rendered":"Ruta nocturna por la Sierra de Alor"},"content":{"rendered":"<p>El Club del Caminante organiza hoy una iniciativa curiosa. Se trata de una ruta senderista, pero de noche. Ser\u00e1 por la Sierra de Alor donde se desplazar\u00e1n los aficionados al senderismo de la ciudad para completar una distancia de m\u00e1s de diez kil\u00f3metros a pie. La escapada nocturna, llamada &#8216;Ruta nocturna Sierra de Alor&#8217;, comenzar\u00e1 a las 20.30 horas en la avenida de Villanueva, junto a El Ancla que es el tradicional punto de encuentro del Club del Caminante para sus actividades. Desde all\u00ed se desplazar\u00e1n en veh\u00edculos hasta San Jorge de Alor donde comenzar\u00e1 y terminar\u00e1 la ruta. Se recomienda el uso de linternas para evitar ca\u00eddas. Los participantes realizar\u00e1n una ruta de 10,5 kil\u00f3metros que durar\u00e1 aproximadamente tres horas y que se considera que dificultad baja.<\/p>\n<!-- AddThis Advanced Settings generic via filter on the_content --><!-- AddThis Share Buttons generic via filter on the_content -->","protected":false},"excerpt":{"rendered":"<p>El Club del Caminante organiza hoy una iniciativa curiosa. Se trata de una ruta senderista, pero de noche. Ser\u00e1 por la Sierra de Alor donde se desplazar\u00e1n los aficionados al senderismo de la ciudad para completar una distancia de m\u00e1s de diez kil\u00f3metros a pie. La escapada nocturna, llamada &#8216;Ruta nocturna Sierra de Alor&#8217;, comenzar\u00e1 [&hellip;]<!-- AddThis Advanced Settings generic via filter on get_the_excerpt --><!-- AddThis Share Buttons generic via filter on get_the_excerpt --><\/p>\n","protected":false},"author":27,"featured_media":0,"comment_status":"open","ping_status":"closed","sticky":false,"template":"","format":"standard","meta":[],"categories":[4],"tags":[],"_links":{"self":[{"href":"https:\/\/blogs.hoy.es\/senderosextremadura\/wp-json\/wp\/v2\/posts\/1944"}],"collection":[{"href":"https:\/\/blogs.hoy.es\/senderosextremadura\/wp-json\/wp\/v2\/posts"}],"about":[{"href":"https:\/\/blogs.hoy.es\/senderosextremadura\/wp-json\/wp\/v2\/types\/post"}],"author":[{"embeddable":true,"href":"https:\/\/blogs.hoy.es\/senderosextremadura\/wp-json\/wp\/v2\/users\/27"}],"replies":[{"embeddable":true,"href":"https:\/\/blogs.hoy.es\/senderosextremadura\/wp-json\/wp\/v2\/comments?post=1944"}],"version-history":[{"count":0,"href":"https:\/\/blogs.hoy.es\/senderosextremadura\/wp-json\/wp\/v2\/posts\/1944\/revisions"}],"wp:attachment":[{"href":"https:\/\/blogs.hoy.es\/senderosextremadura\/wp-json\/wp\/v2\/media?parent=1944"}],"wp:term":[{"taxonomy":"category","embeddable":true,"href":"https:\/\/blogs.hoy.es\/senderosextremadura\/wp-json\/wp\/v2\/categories?post=1944"},{"taxonomy":"post_tag","embeddable":true,"href":"https:\/\/blogs.hoy.es\/senderosextremadura\/wp-json\/wp\/v2\/tags?post=1944"}],"curies":[{"name":"wp","href":"https:\/\/api.w.org\/{rel}","templated":true}]}}