{"id":1945,"date":"2013-07-01T09:44:34","date_gmt":"2013-07-01T09:44:34","guid":{"rendered":"http:\/\/blogs.hoy.es\/senderosextremadura\/?p=1945"},"modified":"2013-07-01T09:44:34","modified_gmt":"2013-07-01T09:44:34","slug":"noche-magica-de-senderismo-en-la-ruta-oliventina-de-las-corujas","status":"publish","type":"post","link":"https:\/\/blogs.hoy.es\/senderosextremadura\/2013\/07\/01\/noche-magica-de-senderismo-en-la-ruta-oliventina-de-las-corujas\/","title":{"rendered":"Noche m\u00e1gica de senderismo en la ruta oliventina de Las Corujas"},"content":{"rendered":"<div id=\"attachment_1949\" style=\"width: 610px\" class=\"wp-caption aligncenter\"><a href=\"https:\/\/blogs.hoy.es\/senderosextremadura\/2013\/07\/01\/noche-magica-de-senderismo-en-la-ruta-oliventina-de-las-corujas\/1006156_157506844436255_224621380_n-2\/\" rel=\"attachment wp-att-1949\"><img aria-describedby=\"caption-attachment-1949\" loading=\"lazy\" class=\"size-large wp-image-1949\" title=\"Los peque\u00f1os tambi\u00e9n participaron en esta ruta llena de magia y misterio\" src=\"\/senderosextremadura\/wp-content\/uploads\/sites\/22\/2013\/07\/1006156_157506844436255_224621380_n1.jpg\" alt=\"Los peque\u00f1os tambi\u00e9n participaron en esta ruta llena de magia y misterio\" width=\"600\" height=\"400\" srcset=\"https:\/\/static-blogs.hoy.es\/wp-content\/uploads\/sites\/22\/2013\/07\/1006156_157506844436255_224621380_n1.jpg 720w, https:\/\/static-blogs.hoy.es\/wp-content\/uploads\/sites\/22\/2013\/07\/1006156_157506844436255_224621380_n1-300x200.jpg 300w, https:\/\/static-blogs.hoy.es\/wp-content\/uploads\/sites\/22\/2013\/07\/1006156_157506844436255_224621380_n1-600x400.jpg 600w\" sizes=\"(max-width: 600px) 100vw, 600px\" \/><\/a><p id=\"caption-attachment-1949\" class=\"wp-caption-text\">Los peque\u00f1os tambi\u00e9n participaron en esta ruta llena de magia y misterio<\/p><\/div>\n<p><a href=\"http:\/\/www.hoy.es\/multimedia\/fotos\/badajoz\/123234-ruta-magica-corujas-olivenza-0.html\" rel=\"external nofollow\"><span style=\"font-size: large;\"><strong>VER LA GALER\u00cdA DE FOTOS COMPLETA<\/strong><\/span><\/a><\/p>\n<p>Las aves se hacen soberanas de la noche para trasladar a 580 personas a un escenario on\u00edrico. El pasado d\u00eda 29 se celebr\u00f3 en <strong><a href=\"www.hoyolivenza.es\">Olivenza<\/a><\/strong>\u00a0 la <strong>ruta nocturna de Las Corujas<\/strong>, organizada por el club senderista local<strong>\u00a0 Los Prisi\u00f1as<\/strong>. Fue una espectacular marcha qure recre\u00f3 escenarios m\u00edsticos habitados por elfos, hadas y animales fant\u00e1sticos. Un unicornio tambi\u00e9n cabalg\u00f3 en la noche rayana dibujando con sorpresas los pasos de los caminantes.<\/p>\n<p>En la organizaci\u00f3n del evento participaron 60 miembros del club, veinte de ellos en el apartado de figuraci\u00f3n. Olivenza entera se implic\u00f3 activamente colaborando en esta ruta recreada. Hasta la localidad acudieron personas venidas de toda la regi\u00f3n (C\u00e1ceres, Montijo, Alc\u00e1ntara, Jerez de los Caballeros, Zafra, Almendralejo&#8230;). La localidad tambi\u00e9n recibi\u00f3 algunos senderistas de Portugal. La parte de figuraci\u00f3n cont\u00f3 con la colaboraci\u00f3n del Grupo de Teatro La Tarde de Calamonte y OliExc\u00e9nicas de Olivenza.<\/p>\n<p><img loading=\"lazy\" class=\"aligncenter size-large wp-image-1951\" title=\"\" src=\"\/senderosextremadura\/wp-content\/uploads\/sites\/22\/2013\/07\/1044258_157508811102725_26553480_n.jpg\" alt=\"\" width=\"600\" height=\"400\" srcset=\"https:\/\/static-blogs.hoy.es\/wp-content\/uploads\/sites\/22\/2013\/07\/1044258_157508811102725_26553480_n.jpg 720w, https:\/\/static-blogs.hoy.es\/wp-content\/uploads\/sites\/22\/2013\/07\/1044258_157508811102725_26553480_n-300x200.jpg 300w, https:\/\/static-blogs.hoy.es\/wp-content\/uploads\/sites\/22\/2013\/07\/1044258_157508811102725_26553480_n-600x400.jpg 600w\" sizes=\"(max-width: 600px) 100vw, 600px\" \/><\/p>\n<p><!--more--><\/p>\n<p><em>&#8220;La magia y la ilusi\u00f3n crecen desde el coraz\u00f3n con grandes ra\u00edces. S\u00f3lo hay que saber despertarlas cuando ya no somos ni\u00f1os. La noche del 29 de Junio las corujas emprendieron el vuelo desde sus nidos en lo alto de las iglesias y guiaron a cientos de personas hasta el maravilloso Pa\u00eds de las Hadas, para hacerles volver de nuevo a su ni\u00f1ez. Un mundo creado por la imaginaci\u00f3n, que se hizo realidad por unos breves instantes y que regal\u00f3 a todos los que viajaron hasta all\u00ed miles de sensaciones, que cargaron en sus mochilas para el regreso&#8221;.<\/em><\/p>\n<p><strong><em>Francisco Jos\u00e9 N\u00fa\u00f1ez Gonz\u00e1lez<\/em>, presidente de Los Prisi\u00f1as<\/strong><\/p>\n<p><a href=\"https:\/\/blogs.hoy.es\/senderosextremadura\/2013\/07\/01\/noche-magica-de-senderismo-en-la-ruta-oliventina-de-las-corujas\/unicornio\/\" rel=\"attachment wp-att-1950\"><img loading=\"lazy\" class=\"aligncenter size-large wp-image-1950\" title=\"\" src=\"\/senderosextremadura\/wp-content\/uploads\/sites\/22\/2013\/07\/unicornio.jpg\" alt=\"\" width=\"600\" height=\"361\" srcset=\"https:\/\/static-blogs.hoy.es\/wp-content\/uploads\/sites\/22\/2013\/07\/unicornio.jpg 647w, https:\/\/static-blogs.hoy.es\/wp-content\/uploads\/sites\/22\/2013\/07\/unicornio-300x181.jpg 300w, https:\/\/static-blogs.hoy.es\/wp-content\/uploads\/sites\/22\/2013\/07\/unicornio-600x362.jpg 600w\" sizes=\"(max-width: 600px) 100vw, 600px\" \/><\/a><\/p>\n<p><em>El club explica que \u00b7todo empez\u00f3 con un sue\u00f1o\u2026 y el sue\u00f1o se cumpli\u00f3 para Los Prisi\u00f1as\u00b7. La Ruta de las Corujas pretend\u00eda sorprender y demostrar que la magia existe. M\u00e1s de medio millar de personas siguieron el camino que las corujas hab\u00edan trazado. Una ruta nocturna tranquila de 16 kil\u00f3metros por los alrededores de Olivenza que cre\u00f3 una preciosa hilera de luces por los senderos. La sorpresa se encontraba en el punto de avituallamiento, donde, tras traspasar un arco de piedra custodiado por dos guardianes del bosque, se encontraba el m\u00e1gico Pa\u00eds de las Hadas. Elfos, un unicornio, un mago blanco, esp\u00edritus del bosque y preciosas hadas esperaban a los senderistas en un mundo de luz y m\u00fasica. Las caras de asombro al llegar se hicieron patentes durante toda la noche. Los Prisi\u00f1as, capitaneados por su presidente, Francisco Jos\u00e9 N\u00fa\u00f1ez Gonz\u00e1lez, se unieron para trabajar en esta ruta tem\u00e1tica preparada durante meses con mimo y dedicaci\u00f3n. Desde aqu\u00ed quieren agradecer a todos los que colaboraron para que pudiese hacerse posible y a todos los senderistas que participaron. Despu\u00e9s de un descanso, se preparar\u00e1n para la pr\u00f3xima.<\/em><\/p>\n<p>&nbsp;<\/p>\n<p><object id=\"flashObj\" width=\"640\" height=\"360\" classid=\"clsid:d27cdb6e-ae6d-11cf-96b8-444553540000\" codebase=\"http:\/\/download.macromedia.com\/pub\/shockwave\/cabs\/flash\/swflash.cab#version=6,0,40,0\"><param name=\"flashVars\" value=\"@videoPlayer=2519183916001&#038;playerID=309010012001&#038;playerKey=AQ~~,AAAAE_Nrnlk~,nvezczbcIbFKkdWFPX_8YwXJCUFbI5Xb&#038;domain=embed&#038;dynamicStreaming=true\" \/><param name=\"base\" value=\"http:\/\/admin.brightcove.com\" \/><param name=\"seamlesstabbing\" value=\"false\" \/><param name=\"allowFullScreen\" value=\"true\" \/><param name=\"swLiveConnect\" value=\"true\" \/><param name=\"allowScriptAccess\" value=\"always\" \/><param name=\"src\" value=\"http:\/\/c.brightcove.com\/services\/viewer\/federated_f9?isVid=1&#038;isUI=1\" \/><param name=\"flashvars\" value=\"@videoPlayer=2519183916001&#038;playerID=309010012001&#038;playerKey=AQ~~,AAAAE_Nrnlk~,nvezczbcIbFKkdWFPX_8YwXJCUFbI5Xb&#038;domain=embed&#038;dynamicStreaming=true\" \/><param name=\"allowfullscreen\" value=\"true\" \/><param name=\"allowscriptaccess\" value=\"always\" \/><param name=\"swliveconnect\" value=\"true\" \/><param name=\"pluginspage\" value=\"http:\/\/www.macromedia.com\/shockwave\/download\/index.cgi?P1_Prod_Version=ShockwaveFlash\" \/><embed id=\"flashObj\" width=\"640\" height=\"360\" type=\"application\/x-shockwave-flash\" src=\"\/\/c.brightcove.com\/services\/viewer\/federated_f9?isVid=1&#038;isUI=1\" flashVars=\"@videoPlayer=2519183916001&#038;playerID=309010012001&#038;playerKey=AQ~~,AAAAE_Nrnlk~,nvezczbcIbFKkdWFPX_8YwXJCUFbI5Xb&#038;domain=embed&#038;dynamicStreaming=true\" base=\"http:\/\/admin.brightcove.com\" seamlesstabbing=\"false\" allowFullScreen=\"true\" swLiveConnect=\"true\" allowScriptAccess=\"always\" flashvars=\"@videoPlayer=2519183916001&#038;playerID=309010012001&#038;playerKey=AQ~~,AAAAE_Nrnlk~,nvezczbcIbFKkdWFPX_8YwXJCUFbI5Xb&#038;domain=embed&#038;dynamicStreaming=true\" allowfullscreen=\"true\" allowscriptaccess=\"always\" swliveconnect=\"true\" pluginspage=\"http:\/\/www.macromedia.com\/shockwave\/download\/index.cgi?P1_Prod_Version=ShockwaveFlash\" \/><\/object><\/p>\n<!-- AddThis Advanced Settings generic via filter on the_content --><!-- AddThis Share Buttons generic via filter on the_content -->","protected":false},"excerpt":{"rendered":"<p>VER LA GALER\u00cdA DE FOTOS COMPLETA Las aves se hacen soberanas de la noche para trasladar a 580 personas a un escenario on\u00edrico. El pasado d\u00eda 29 se celebr\u00f3 en Olivenza\u00a0 la ruta nocturna de Las Corujas, organizada por el club senderista local\u00a0 Los Prisi\u00f1as. Fue una espectacular marcha qure recre\u00f3 escenarios m\u00edsticos habitados por [&hellip;]<!-- AddThis Advanced Settings generic via filter on get_the_excerpt --><!-- AddThis Share Buttons generic via filter on get_the_excerpt --><\/p>\n","protected":false},"author":27,"featured_media":0,"comment_status":"open","ping_status":"closed","sticky":false,"template":"","format":"standard","meta":[],"categories":[4],"tags":[],"_links":{"self":[{"href":"https:\/\/blogs.hoy.es\/senderosextremadura\/wp-json\/wp\/v2\/posts\/1945"}],"collection":[{"href":"https:\/\/blogs.hoy.es\/senderosextremadura\/wp-json\/wp\/v2\/posts"}],"about":[{"href":"https:\/\/blogs.hoy.es\/senderosextremadura\/wp-json\/wp\/v2\/types\/post"}],"author":[{"embeddable":true,"href":"https:\/\/blogs.hoy.es\/senderosextremadura\/wp-json\/wp\/v2\/users\/27"}],"replies":[{"embeddable":true,"href":"https:\/\/blogs.hoy.es\/senderosextremadura\/wp-json\/wp\/v2\/comments?post=1945"}],"version-history":[{"count":0,"href":"https:\/\/blogs.hoy.es\/senderosextremadura\/wp-json\/wp\/v2\/posts\/1945\/revisions"}],"wp:attachment":[{"href":"https:\/\/blogs.hoy.es\/senderosextremadura\/wp-json\/wp\/v2\/media?parent=1945"}],"wp:term":[{"taxonomy":"category","embeddable":true,"href":"https:\/\/blogs.hoy.es\/senderosextremadura\/wp-json\/wp\/v2\/categories?post=1945"},{"taxonomy":"post_tag","embeddable":true,"href":"https:\/\/blogs.hoy.es\/senderosextremadura\/wp-json\/wp\/v2\/tags?post=1945"}],"curies":[{"name":"wp","href":"https:\/\/api.w.org\/{rel}","templated":true}]}}