{"id":1956,"date":"2013-07-15T11:40:10","date_gmt":"2013-07-15T11:40:10","guid":{"rendered":"http:\/\/blogs.hoy.es\/senderosextremadura\/?p=1956"},"modified":"2013-07-15T11:40:10","modified_gmt":"2013-07-15T11:40:10","slug":"la-grandeza-del-circo-de-gredos-galeria","status":"publish","type":"post","link":"https:\/\/blogs.hoy.es\/senderosextremadura\/2013\/07\/15\/la-grandeza-del-circo-de-gredos-galeria\/","title":{"rendered":"La grandeza gran\u00edtica del circo de Gredos (GALER\u00cdA)"},"content":{"rendered":"<p><a href=\"https:\/\/blogs.hoy.es\/senderosextremadura\/2013\/07\/15\/la-grandeza-del-circo-de-gredos-galeria\/gredos\/\" rel=\"attachment wp-att-1957\"><img loading=\"lazy\" class=\"aligncenter size-large wp-image-1957\" title=\"\" src=\"\/senderosextremadura\/wp-content\/uploads\/sites\/22\/2013\/07\/gredos.jpg\" alt=\"\" width=\"600\" height=\"450\" srcset=\"https:\/\/static-blogs.hoy.es\/wp-content\/uploads\/sites\/22\/2013\/07\/gredos.jpg 760w, https:\/\/static-blogs.hoy.es\/wp-content\/uploads\/sites\/22\/2013\/07\/gredos-300x225.jpg 300w, https:\/\/static-blogs.hoy.es\/wp-content\/uploads\/sites\/22\/2013\/07\/gredos-600x450.jpg 600w\" sizes=\"(max-width: 600px) 100vw, 600px\" \/><\/a><\/p>\n<p>Al menos un fin de semana en la <strong>Sierra de Gredos<\/strong>\u00a0 no puede faltar en la agenda de los clubes senderistas y de monta\u00f1a de Extremadura. En torno a sus grandes moles gran\u00edticas basculan cuatro comunidades aut\u00f3nomas y, en la vertiente sur, una de las m\u00e1s bellas comarcas extreme\u00f1as: <strong>La Vera<\/strong>.\u00a0 En este post compartimos la galer\u00eda de im\u00e1genes con las fotos realizadas en el circo de Gredos por Jes\u00fas Hidalgo, miembro de <a href=\"https:\/\/www.facebook.com\/senderismo.laviaverde?fref=ts\" rel=\"external nofollow\"><strong>Senderismo V\u00eda Verde<\/strong><\/a>, club de Villanueva de la Serena.<\/p>\n<p><a href=\"http:\/\/www.hoy.es\/multimedia\/fotos\/regional\/123331-grandeza-circo-gredos-0.html\" rel=\"external nofollow\"><strong>VER TODA LA GALER\u00cdA DE FOTOS<\/strong><\/a><\/p>\n<!-- AddThis Advanced Settings generic via filter on the_content --><!-- AddThis Share Buttons generic via filter on the_content -->","protected":false},"excerpt":{"rendered":"<p>Al menos un fin de semana en la Sierra de Gredos\u00a0 no puede faltar en la agenda de los clubes senderistas y de monta\u00f1a de Extremadura. En torno a sus grandes moles gran\u00edticas basculan cuatro comunidades aut\u00f3nomas y, en la vertiente sur, una de las m\u00e1s bellas comarcas extreme\u00f1as: La Vera.\u00a0 En este post compartimos [&hellip;]<!-- AddThis Advanced Settings generic via filter on get_the_excerpt --><!-- AddThis Share Buttons generic via filter on get_the_excerpt --><\/p>\n","protected":false},"author":27,"featured_media":0,"comment_status":"open","ping_status":"closed","sticky":false,"template":"","format":"standard","meta":[],"categories":[4],"tags":[121,301,906,978],"_links":{"self":[{"href":"https:\/\/blogs.hoy.es\/senderosextremadura\/wp-json\/wp\/v2\/posts\/1956"}],"collection":[{"href":"https:\/\/blogs.hoy.es\/senderosextremadura\/wp-json\/wp\/v2\/posts"}],"about":[{"href":"https:\/\/blogs.hoy.es\/senderosextremadura\/wp-json\/wp\/v2\/types\/post"}],"author":[{"embeddable":true,"href":"https:\/\/blogs.hoy.es\/senderosextremadura\/wp-json\/wp\/v2\/users\/27"}],"replies":[{"embeddable":true,"href":"https:\/\/blogs.hoy.es\/senderosextremadura\/wp-json\/wp\/v2\/comments?post=1956"}],"version-history":[{"count":0,"href":"https:\/\/blogs.hoy.es\/senderosextremadura\/wp-json\/wp\/v2\/posts\/1956\/revisions"}],"wp:attachment":[{"href":"https:\/\/blogs.hoy.es\/senderosextremadura\/wp-json\/wp\/v2\/media?parent=1956"}],"wp:term":[{"taxonomy":"category","embeddable":true,"href":"https:\/\/blogs.hoy.es\/senderosextremadura\/wp-json\/wp\/v2\/categories?post=1956"},{"taxonomy":"post_tag","embeddable":true,"href":"https:\/\/blogs.hoy.es\/senderosextremadura\/wp-json\/wp\/v2\/tags?post=1956"}],"curies":[{"name":"wp","href":"https:\/\/api.w.org\/{rel}","templated":true}]}}