{"id":1966,"date":"2013-07-22T17:52:46","date_gmt":"2013-07-22T17:52:46","guid":{"rendered":"http:\/\/blogs.hoy.es\/senderosextremadura\/?p=1966"},"modified":"2013-07-22T17:52:46","modified_gmt":"2013-07-22T17:52:46","slug":"ruta-a-la-cueva-de-juan-caldilla-en-huerta-de-animas-cronica","status":"publish","type":"post","link":"https:\/\/blogs.hoy.es\/senderosextremadura\/2013\/07\/22\/ruta-a-la-cueva-de-juan-caldilla-en-huerta-de-animas-cronica\/","title":{"rendered":"El intrincado camino hasta la Cueva de Juan Caldilla (Cr\u00f3nica)"},"content":{"rendered":"<p><img loading=\"lazy\" class=\"aligncenter  wp-image-1969\" title=\"\" src=\"\/senderosextremadura\/wp-content\/uploads\/sites\/22\/2013\/07\/SANY00401.jpg\" alt=\"\" width=\"600\" height=\"450\" srcset=\"https:\/\/static-blogs.hoy.es\/wp-content\/uploads\/sites\/22\/2013\/07\/SANY00401.jpg 1600w, https:\/\/static-blogs.hoy.es\/wp-content\/uploads\/sites\/22\/2013\/07\/SANY00401-300x225.jpg 300w, https:\/\/static-blogs.hoy.es\/wp-content\/uploads\/sites\/22\/2013\/07\/SANY00401-768x576.jpg 768w, https:\/\/static-blogs.hoy.es\/wp-content\/uploads\/sites\/22\/2013\/07\/SANY00401-600x450.jpg 600w\" sizes=\"(max-width: 600px) 100vw, 600px\" \/><\/p>\n<p>&nbsp;<\/p>\n<p>MARCOS SUERO | Sin duda alguna que la ruta realizada hoy, era una de las que nos ha quitado el sue\u00f1o en los \u00faltimos meses. Desde aquel primer d\u00eda que hicimos la ruta de las mini-centrales y vimos a lo lejos la entrada de esta cueva, se nos meti\u00f3 en la cabeza a todos los miembros del grupo, el realizar dicha ruta.<\/p>\n<p><!--more--><\/p>\n<p>Pero la ruta de hoy de f\u00e1cil no ten\u00eda nada, es m\u00e1s, algunos cre\u00edamos que dar\u00edamos el paseo en balde, puesto que nos mosqueaba mucho, lo escarpado del terreno y la cantidad de piedras sueltas fruto de la erosi\u00f3n. Con todo eso, esta ma\u00f1ana a las siete en punto, siete miembros del grupo nos anim\u00e1bamos a realizar esta ruta. Hoy varios miembros se han quedado atr\u00e1s y nos ha dado mucha pena a los que hemos ido, puesto que dicha ruta, aparte de lo dificultosa que es, merece mucho la pena hacerla.<\/p>\n<p>Casi una hora despu\u00e9s de salir de la plaza de Huertas, lleg\u00e1bamos al lugar elegido para comenzar la ascensi\u00f3n. No ten\u00edamos muy claro al principio por d\u00f3nde empezar, puesto que nos daba igual mirar a un lado o a otro, por todos lados estaba muy empinado el terreno y la maleza abundaba por toda la sierra. Unos se\u00f1alaban un lugar, otros se\u00f1alaban otro, el caso que por una \u201cverea\u201d que se ve\u00eda algo marcada seguramente que por los animales de la zona, hemos comenzado a subir.<\/p>\n<p>Hoy sin duda alguna que no era d\u00eda de llevar pantal\u00f3n corto, los que le hemos llevado, al acabar la ruta llev\u00e1bamos las piernas muy marcadas, fruto de la cantidad de \u201cjaramagos\u201d que hab\u00eda en la ascensi\u00f3n.<br \/>\nLos primeros compases de la misma han sido muy duros, la \u201cverea\u201d desaparec\u00eda por momentos y ten\u00edamos que ser nosotros quien eligi\u00e9ramos por donde seguir ascendiendo. Los siete \u00edbamos a buen ritmo, en mitad de la ascensi\u00f3n nos hemos separado y antes de seguir ascendiendo, nos hemos esperado para juntarnos todos de nuevo. Estas rutas tan complicadas es mejor hacerlas juntos, de esa manera evitamos disgustos.<\/p>\n<p>De los siete senderistas de hoy, tengo que mencionar obligatoriamente a la \u00fanica mujer que se ha atrevido a venir. Mara es una mujer con los ovarios bien puestos. Seguramente que son pocas las elegidas que se atrevan a subir por donde hoy nos hemos encaramado. Ella disfruta como el que m\u00e1s y nunca se amilana ante ninguna adversidad. De la mano de su amigo J.F., va siempre bien escoltada.<\/p>\n<p>Debajo de una encina nos par\u00e1bamos a beber agua. Sab\u00edamos que la cueva no deb\u00eda de estar muy lejos de donde nos encontr\u00e1bamos, pero al no ver la entrada, nos ten\u00eda un poco preocupados. Adem\u00e1s que a partir de ese lugar, comenzaban los riscos y el paisaje cambiaba totalmente. Las vistas comenzaban a ser espectaculares y un cosquilleo nos recorr\u00eda nuestros est\u00f3magos al saber que nos quedaba poco para dar con la cueva. El miedo que ten\u00edamos algunos era que al coronar alguno de estos riscos, el terreno se cortara verticalmente y las posibilidades de seguir ascendiendo se nos evaporaran. Por suerte no ha sido as\u00ed y cruzando por mitad de un ca\u00f1\u00f3n espectacular, que bien pod\u00eda ser escena de cualquier pel\u00edcula del lejano oeste, hemos llegado justo debajo de la entrada a la cueva.<\/p>\n<p>La preocupaci\u00f3n se ha apoderado de nosotros al comprobar que la subida hasta la cueva era casi imposible. Alg\u00fan miembro del grupo lo intentaba por la derecha, otros opt\u00e1bamos a hacerlo por la izquierda, lugar por el que hemos comprobado r\u00e1pidamente que era imposible subir. El mejor escalador del grupo, ( Jose Fernando) ha tenido el honor de ser el primero en coronar. Los dem\u00e1s, nos lo hemos pensado mucho, puesto que por lo menos, servidor, no est\u00e1 muy \u00e1gil para estos menesteres, pero el pensar donde est\u00e1bamos y lo que nos hab\u00eda costado llegar hasta all\u00ed, ha podido m\u00e1s que el miedo. As\u00ed los dem\u00e1s senderistas hemos seguido sus pasos hasta llegar a la cueva. La \u00fanica pena que nos queda a todos es que nuestra mujer del grupo, no ha podido subir. La verdad que es peligrosa la subida y sin \u201caperos\u201d para la ocasi\u00f3n, no merec\u00eda arriesgarse.<\/p>\n<p>El ponerte delante de la entrada de la cueva y ver su interior es una sensaci\u00f3n casi indescriptible. A m\u00ed me ven\u00edan los recuerdos del \u00faltimo morador de la misma, el cual huido de la ley, moraba en dicha cueva. Juan Caldilla fue un maqui que encontr\u00f3 refugio en esta cueva. Sin duda alguna un lugar privilegiado desde donde se divisa una cantidad de terreno impresionante. Me imaginaba a dicho hombre subiendo y bajando por donde lo hemos hecho nosotros a duras penas.<\/p>\n<p>En el interior de la cueva se dice que existen pinturas rupestres, nosotros despu\u00e9s de explorarla de arriba abajo, no hemos encontrado ninguna. Lo que si hemos comprobado c\u00f3mo hab\u00eda nidos de vencejo en su interior y algunas muestras de nidos antiguos de alg\u00fan buitre, que por all\u00ed abundan en cantidad.<br \/>\nDespu\u00e9s de permanecer unos diez minutos en la cueva, hemos optado por descender hasta el lugar donde nos esperaba nuestra compa\u00f1era. Si subir se hac\u00eda dif\u00edcil, bajar para m\u00ed ha sido de total acojono. Sin duda alguna que si voy solo hubiera hecho noche all\u00ed, pero gracias a mis compa\u00f1eros que me han ido guiando, he sido capaz de alcanzar de nuevo el suelo, el cual he besado estilo \u201cpapa\u201d.<\/p>\n<p><a href=\"https:\/\/blogs.hoy.es\/senderosextremadura\/2013\/07\/22\/ruta-a-la-cueva-de-juan-caldilla-en-huerta-de-animas-cronica\/intrincada\/\" rel=\"attachment wp-att-1971\"><img loading=\"lazy\" class=\"aligncenter size-large wp-image-1971\" title=\"\" src=\"\/senderosextremadura\/wp-content\/uploads\/sites\/22\/2013\/07\/intrincada.jpg\" alt=\"\" width=\"600\" height=\"278\" srcset=\"https:\/\/static-blogs.hoy.es\/wp-content\/uploads\/sites\/22\/2013\/07\/intrincada.jpg 647w, https:\/\/static-blogs.hoy.es\/wp-content\/uploads\/sites\/22\/2013\/07\/intrincada-300x139.jpg 300w, https:\/\/static-blogs.hoy.es\/wp-content\/uploads\/sites\/22\/2013\/07\/intrincada-600x278.jpg 600w\" sizes=\"(max-width: 600px) 100vw, 600px\" \/><\/a><\/p>\n<p>Una vez colgadas las mochilas y despu\u00e9s de elegir por donde bajar\u00edamos, hemos comenzado el descenso, el cual por culpa del pasto existente y de la \u201cpringue\u201d de la jara, ha sido una aventura peligrosa. Creo que ninguno se ha librado de alg\u00fan resbal\u00f3n con su posterior culetazo, adem\u00e1s de las rozaduras con arbustos y ramas.<\/p>\n<p>El terminar dicho descenso ten\u00eda como premio el ba\u00f1arnos en la presa de la garganta de descuernacabras, la cual no conoc\u00edamos hasta la fecha, pero gracias a un buen amigo que nos explic\u00f3 donde estaba, nos ha sido muy f\u00e1cil dar con ella, puesto que hemos acabado el descenso de la cueva justo delante de la \u201dverea\u201d que lleva hasta el charco.<\/p>\n<p>El agua estaba algo fr\u00eda, pero para nosotros que \u00edbamos ardiendo despu\u00e9s de las dificultades que hab\u00edamos pasado, nos ha sabido a gloria dicho ba\u00f1o. Adem\u00e1s que si despu\u00e9s de ba\u00f1arte tienes la oportunidad de poder compartir las viandas de todos los domingos, no se pod\u00eda pedir m\u00e1s al d\u00eda de hoy.<br \/>\nSin lugar a dudas que la ruta de hoy quedar\u00e1 en nuestras memorias para siempre. Podremos decir que nosotros estuvimos en dicha cueva un d\u00eda de julio del a\u00f1o dos mil trece.<\/p>\n<p>Al finalizar el ba\u00f1o y el rato del bocadillo, hemos emprendido la marcha hasta los coches que por suerte, no hab\u00edamos aparcado muy lejos del lugar. A esta hora todav\u00eda tengo en mente lo vivido hoy y me siento orgulloso, de que junto a mis amigos del grupo, sabemos apreciar las maravillas que esconde nuestra tierra y que seguiremos muchos a\u00f1os m\u00e1s, conoci\u00e9ndola a fondo.<\/p>\n<p>Extremadura es impresionante y aquel que lo dude, que venga y compruebe que a nadie se enga\u00f1a.<\/p>\n<p>&nbsp;<\/p>\n<p><a href=\"http:\/\/fontadehuertas.blogspot.com.es\/2013\/07\/capitulo-503-ruta-cueva-de-juan-caldilla.html\" rel=\"external nofollow\"><strong>M\u00e1s informaci\u00f3n en el blog de Marcos Pandereta<\/strong><\/a><\/p>\n<!-- AddThis Advanced Settings generic via filter on the_content --><!-- AddThis Share Buttons generic via filter on the_content -->","protected":false},"excerpt":{"rendered":"<p>&nbsp; MARCOS SUERO | Sin duda alguna que la ruta realizada hoy, era una de las que nos ha quitado el sue\u00f1o en los \u00faltimos meses. Desde aquel primer d\u00eda que hicimos la ruta de las mini-centrales y vimos a lo lejos la entrada de esta cueva, se nos meti\u00f3 en la cabeza a todos [&hellip;]<!-- AddThis Advanced Settings generic via filter on get_the_excerpt --><!-- AddThis Share Buttons generic via filter on get_the_excerpt --><\/p>\n","protected":false},"author":27,"featured_media":0,"comment_status":"open","ping_status":"closed","sticky":false,"template":"","format":"standard","meta":[],"categories":[3,4],"tags":[],"_links":{"self":[{"href":"https:\/\/blogs.hoy.es\/senderosextremadura\/wp-json\/wp\/v2\/posts\/1966"}],"collection":[{"href":"https:\/\/blogs.hoy.es\/senderosextremadura\/wp-json\/wp\/v2\/posts"}],"about":[{"href":"https:\/\/blogs.hoy.es\/senderosextremadura\/wp-json\/wp\/v2\/types\/post"}],"author":[{"embeddable":true,"href":"https:\/\/blogs.hoy.es\/senderosextremadura\/wp-json\/wp\/v2\/users\/27"}],"replies":[{"embeddable":true,"href":"https:\/\/blogs.hoy.es\/senderosextremadura\/wp-json\/wp\/v2\/comments?post=1966"}],"version-history":[{"count":0,"href":"https:\/\/blogs.hoy.es\/senderosextremadura\/wp-json\/wp\/v2\/posts\/1966\/revisions"}],"wp:attachment":[{"href":"https:\/\/blogs.hoy.es\/senderosextremadura\/wp-json\/wp\/v2\/media?parent=1966"}],"wp:term":[{"taxonomy":"category","embeddable":true,"href":"https:\/\/blogs.hoy.es\/senderosextremadura\/wp-json\/wp\/v2\/categories?post=1966"},{"taxonomy":"post_tag","embeddable":true,"href":"https:\/\/blogs.hoy.es\/senderosextremadura\/wp-json\/wp\/v2\/tags?post=1966"}],"curies":[{"name":"wp","href":"https:\/\/api.w.org\/{rel}","templated":true}]}}