{"id":1978,"date":"2013-09-16T14:40:30","date_gmt":"2013-09-16T14:40:30","guid":{"rendered":"http:\/\/blogs.hoy.es\/senderosextremadura\/?p=1978"},"modified":"2013-09-16T14:40:30","modified_gmt":"2013-09-16T14:40:30","slug":"10-horas-caminando-por-la-via-verde-15-de-septiembre","status":"publish","type":"post","link":"https:\/\/blogs.hoy.es\/senderosextremadura\/2013\/09\/16\/10-horas-caminando-por-la-via-verde-15-de-septiembre\/","title":{"rendered":"Las inscripciones fuera de plazo obligan a suspender la ruta por la V\u00eda Verde"},"content":{"rendered":"<p><a href=\"https:\/\/blogs.hoy.es\/senderosextremadura\/2013\/09\/16\/10-horas-caminando-por-la-via-verde-15-de-septiembre\/via-verden\/\" rel=\"attachment wp-att-1979\"><img loading=\"lazy\" class=\"aligncenter size-large wp-image-1979\" title=\"\" src=\"\/senderosextremadura\/wp-content\/uploads\/sites\/22\/2013\/07\/via-verden.jpg\" alt=\"\" width=\"600\" height=\"518\" srcset=\"https:\/\/static-blogs.hoy.es\/wp-content\/uploads\/sites\/22\/2013\/07\/via-verden.jpg 960w, https:\/\/static-blogs.hoy.es\/wp-content\/uploads\/sites\/22\/2013\/07\/via-verden-300x259.jpg 300w, https:\/\/static-blogs.hoy.es\/wp-content\/uploads\/sites\/22\/2013\/07\/via-verden-768x664.jpg 768w, https:\/\/static-blogs.hoy.es\/wp-content\/uploads\/sites\/22\/2013\/07\/via-verden-600x519.jpg 600w\" sizes=\"(max-width: 600px) 100vw, 600px\" \/><\/a><\/p>\n<p><strong><br \/>\nSenderismo La V\u00eda Verde de Villanueva de la Serena lamenta lo ocurrido con la ruta que hab\u00edan programado para el pasado s\u00e1bado d\u00eda 14.\u00a0 El club informa en su muro de Facebook que cuando lleg\u00f3 la hora de cerrar las inscripciones, el viernes a mediod\u00eda, el n\u00famero de inscritos no cubr\u00eda\u00a0 los gastos del autob\u00fas, por lo que hubo que suspender la ruta y avisar a toda prisa a las personas que se hab\u00edan apuntado. Aseguran que partir de ese momento comenzaron a llamarles &#8220;bastante gente&#8221; para interesarse por hacer la ruta. &#8220;Si todas esas personas se hubiran inscrito antes del plazo podr\u00edamos haberla hecho sin problemas&#8221;, lamenta el club. <\/strong><\/p>\n<p><strong><br \/>\nSenderismo La V\u00eda Verde ruega que esto nunca vuelva a ocurrir. &#8221; Es triste que tengamos que suspender una ruta porque bastante gente avisa que va a venir despu\u00e9s de cerrar el plazo de inscripci\u00f3n&#8221;.<\/strong><\/p>\n<p>El club propon\u00eda el reto de caminar durante diez horas desde <strong>Villanueva de la Serena<\/strong> hasta <strong>Logros\u00e1n<\/strong>. La maratoniana marcha de <strong>57 kil\u00f3metros<\/strong> iba a tener lugar el s\u00e1bado 14 de septiembre y terminar\u00eda ya entrado el domingo.<\/p>\n<p>Hab\u00eda dos opciones<\/p>\n<p>1.-De Villanueva de la Serena a Logros\u00e1n (57 kil\u00f3metros)<\/p>\n<p>2.-De Villanueva de la Serena a Madrigalejo (30 kil\u00f3metros)<\/p>\n<p>\u00a1Otra vez sera!<\/p>\n<p>&nbsp;<\/p>\n<p>&nbsp;<\/p>\n<p>M\u00e1s informaci\u00f3n de La V\u00eda Verde en el <a href=\"https:\/\/www.facebook.com\/senderismo.laviaverde?fref=ts\" rel=\"external nofollow\"><strong>perfil de Facebook del club.<\/strong><\/a><\/p>\n<p>&nbsp;<\/p>\n<!-- AddThis Advanced Settings generic via filter on the_content --><!-- AddThis Share Buttons generic via filter on the_content -->","protected":false},"excerpt":{"rendered":"<p>Senderismo La V\u00eda Verde de Villanueva de la Serena lamenta lo ocurrido con la ruta que hab\u00edan programado para el pasado s\u00e1bado d\u00eda 14.\u00a0 El club informa en su muro de Facebook que cuando lleg\u00f3 la hora de cerrar las inscripciones, el viernes a mediod\u00eda, el n\u00famero de inscritos no cubr\u00eda\u00a0 los gastos del autob\u00fas, [&hellip;]<!-- AddThis Advanced Settings generic via filter on get_the_excerpt --><!-- AddThis Share Buttons generic via filter on get_the_excerpt --><\/p>\n","protected":false},"author":27,"featured_media":0,"comment_status":"open","ping_status":"closed","sticky":false,"template":"","format":"standard","meta":[],"categories":[4],"tags":[],"_links":{"self":[{"href":"https:\/\/blogs.hoy.es\/senderosextremadura\/wp-json\/wp\/v2\/posts\/1978"}],"collection":[{"href":"https:\/\/blogs.hoy.es\/senderosextremadura\/wp-json\/wp\/v2\/posts"}],"about":[{"href":"https:\/\/blogs.hoy.es\/senderosextremadura\/wp-json\/wp\/v2\/types\/post"}],"author":[{"embeddable":true,"href":"https:\/\/blogs.hoy.es\/senderosextremadura\/wp-json\/wp\/v2\/users\/27"}],"replies":[{"embeddable":true,"href":"https:\/\/blogs.hoy.es\/senderosextremadura\/wp-json\/wp\/v2\/comments?post=1978"}],"version-history":[{"count":0,"href":"https:\/\/blogs.hoy.es\/senderosextremadura\/wp-json\/wp\/v2\/posts\/1978\/revisions"}],"wp:attachment":[{"href":"https:\/\/blogs.hoy.es\/senderosextremadura\/wp-json\/wp\/v2\/media?parent=1978"}],"wp:term":[{"taxonomy":"category","embeddable":true,"href":"https:\/\/blogs.hoy.es\/senderosextremadura\/wp-json\/wp\/v2\/categories?post=1978"},{"taxonomy":"post_tag","embeddable":true,"href":"https:\/\/blogs.hoy.es\/senderosextremadura\/wp-json\/wp\/v2\/tags?post=1978"}],"curies":[{"name":"wp","href":"https:\/\/api.w.org\/{rel}","templated":true}]}}