{"id":1985,"date":"2013-08-06T16:09:07","date_gmt":"2013-08-06T16:09:07","guid":{"rendered":"http:\/\/blogs.hoy.es\/senderosextremadura\/?p=1985"},"modified":"2013-08-06T16:09:07","modified_gmt":"2013-08-06T16:09:07","slug":"ruta-nocturna-por-trasierra-en-la-campina-sur-31-de-agosto","status":"publish","type":"post","link":"https:\/\/blogs.hoy.es\/senderosextremadura\/2013\/08\/06\/ruta-nocturna-por-trasierra-en-la-campina-sur-31-de-agosto\/","title":{"rendered":"Ruta nocturna por Trasierra, en la Campi\u00f1a Sur (31 de agosto)"},"content":{"rendered":"<p><a href=\"https:\/\/blogs.hoy.es\/senderosextremadura\/2013\/08\/06\/ruta-nocturna-por-trasierra-en-la-campina-sur-31-de-agosto\/trasierran\/\" rel=\"attachment wp-att-1986\"><img loading=\"lazy\" class=\"aligncenter size-large wp-image-1986\" title=\"\" src=\"\/senderosextremadura\/wp-content\/uploads\/sites\/22\/2013\/08\/trasierran.jpg\" alt=\"\" width=\"600\" height=\"424\" srcset=\"https:\/\/static-blogs.hoy.es\/wp-content\/uploads\/sites\/22\/2013\/08\/trasierran.jpg 960w, https:\/\/static-blogs.hoy.es\/wp-content\/uploads\/sites\/22\/2013\/08\/trasierran-300x212.jpg 300w, https:\/\/static-blogs.hoy.es\/wp-content\/uploads\/sites\/22\/2013\/08\/trasierran-768x543.jpg 768w, https:\/\/static-blogs.hoy.es\/wp-content\/uploads\/sites\/22\/2013\/08\/trasierran-600x424.jpg 600w\" sizes=\"(max-width: 600px) 100vw, 600px\" \/><\/a><\/p>\n<p>Volvemos a los ondulados perfiles adehesados de la <strong>Campi\u00f1a Sur extreme\u00f1a<\/strong>, en territorio l\u00edmite con <strong>Sierra Morena<\/strong>. <strong>Trasierra<\/strong> celebrar\u00e1 el pr\u00f3ximo<strong>\u00a0 31 de agosto<\/strong> una ruta senderista nocturna de dificultad media. Se recorrer\u00e1n 16 kil\u00f3metros y al concluir habr\u00e1 un aperitivo por cortes\u00eda del Ayuntamiento. Colaboran en la organizqaci\u00f3n el club de senderismo <strong>Los Boteros<\/strong> de Trasierra y <strong>&#8216;Vila Raiders de Olivenza&#8217;.<\/strong><\/p>\n<p>Para confirmar asistencia hay que contactar con la organizaci\u00f3n en el <strong>correo info@vilaraiders.es<\/strong> o en el m\u00f3vil <strong>661354882<\/strong><\/p>\n<!-- AddThis Advanced Settings generic via filter on the_content --><!-- AddThis Share Buttons generic via filter on the_content -->","protected":false},"excerpt":{"rendered":"<p>Volvemos a los ondulados perfiles adehesados de la Campi\u00f1a Sur extreme\u00f1a, en territorio l\u00edmite con Sierra Morena. Trasierra celebrar\u00e1 el pr\u00f3ximo\u00a0 31 de agosto una ruta senderista nocturna de dificultad media. Se recorrer\u00e1n 16 kil\u00f3metros y al concluir habr\u00e1 un aperitivo por cortes\u00eda del Ayuntamiento. Colaboran en la organizqaci\u00f3n el club de senderismo Los Boteros [&hellip;]<!-- AddThis Advanced Settings generic via filter on get_the_excerpt --><!-- AddThis Share Buttons generic via filter on get_the_excerpt --><\/p>\n","protected":false},"author":27,"featured_media":0,"comment_status":"open","ping_status":"closed","sticky":false,"template":"","format":"standard","meta":[],"categories":[4],"tags":[143,587,713,937,1029,1035],"_links":{"self":[{"href":"https:\/\/blogs.hoy.es\/senderosextremadura\/wp-json\/wp\/v2\/posts\/1985"}],"collection":[{"href":"https:\/\/blogs.hoy.es\/senderosextremadura\/wp-json\/wp\/v2\/posts"}],"about":[{"href":"https:\/\/blogs.hoy.es\/senderosextremadura\/wp-json\/wp\/v2\/types\/post"}],"author":[{"embeddable":true,"href":"https:\/\/blogs.hoy.es\/senderosextremadura\/wp-json\/wp\/v2\/users\/27"}],"replies":[{"embeddable":true,"href":"https:\/\/blogs.hoy.es\/senderosextremadura\/wp-json\/wp\/v2\/comments?post=1985"}],"version-history":[{"count":0,"href":"https:\/\/blogs.hoy.es\/senderosextremadura\/wp-json\/wp\/v2\/posts\/1985\/revisions"}],"wp:attachment":[{"href":"https:\/\/blogs.hoy.es\/senderosextremadura\/wp-json\/wp\/v2\/media?parent=1985"}],"wp:term":[{"taxonomy":"category","embeddable":true,"href":"https:\/\/blogs.hoy.es\/senderosextremadura\/wp-json\/wp\/v2\/categories?post=1985"},{"taxonomy":"post_tag","embeddable":true,"href":"https:\/\/blogs.hoy.es\/senderosextremadura\/wp-json\/wp\/v2\/tags?post=1985"}],"curies":[{"name":"wp","href":"https:\/\/api.w.org\/{rel}","templated":true}]}}