{"id":1988,"date":"2013-08-11T16:09:26","date_gmt":"2013-08-11T16:09:26","guid":{"rendered":"http:\/\/blogs.hoy.es\/senderosextremadura\/?p=1988"},"modified":"2013-08-11T16:09:26","modified_gmt":"2013-08-11T16:09:26","slug":"ruta-de-senderismo-nocturno-por-las-calles-de-castuera-13-de-agosto","status":"publish","type":"post","link":"https:\/\/blogs.hoy.es\/senderosextremadura\/2013\/08\/11\/ruta-de-senderismo-nocturno-por-las-calles-de-castuera-13-de-agosto\/","title":{"rendered":"Ruta de senderismo nocturno por las calles de Castuera  (13 de agosto)"},"content":{"rendered":"<div>\n<div id=\"attachment_1989\" style=\"width: 310px\" class=\"wp-caption alignright\"><img aria-describedby=\"caption-attachment-1989\" loading=\"lazy\" class=\"size-full wp-image-1989\" title=\"Imagen de la ruta del a\u00f1o pasado. \/ CEDIDA\" src=\"\/senderosextremadura\/wp-content\/uploads\/sites\/22\/2013\/08\/ruta.jpg\" alt=\"Imagen de la ruta del a\u00f1o pasado. \/ CEDIDA\" width=\"300\" height=\"225\" \/><p id=\"caption-attachment-1989\" class=\"wp-caption-text\">Imagen de la ruta del a\u00f1o pasado. \/ CEDIDA<\/p><\/div>\n<p>Como ya hiciesen con gran \u00e9xito desde la Universidad Popular el pasado verano, la entidad ha organizado la II Ruta de Senderismo Urbano de la Vida Cotidiana de Castuera para el d\u00eda 13 de agosto, un recorrido nocturno y guiado por nuestro pueblo, pero de un modo diferente, conociendo la riqueza hist\u00f3rica y cultural que para muchos es desconocida.<\/p>\n<p>De este modo, los historiadores Antonio L\u00f3pez y Luis Vicente Pelegr\u00ed ser\u00e1n los encargados de poner en valor el patrimonio local y relatar lo m\u00e1s notable de su historia a medida que avance la marcha.<\/p>\n<p>Por otra parte, la ruta ha sido nombrada como &#8216;De Plaza en Plaza&#8217;, pues en cada una de las que sean visitadas habr\u00e1 una actuaci\u00f3n o intervenci\u00f3n para amenizar el evento.<\/p>\n<p>As\u00ed, a las 22:00 horas en la Plaza de San Juan los senderistas podr\u00e1n ver un fragmento de la obra Bodas de Sangre, de Garc\u00eda Lorca, representada por los miembros de la Asociaci\u00f3n Serena Teatral. Tras esto, los pasos se dirigir\u00e1n a la Plaza de Espa\u00f1a, donde la Coral de Castuera &#8216;Zafiro&#8217; interpretar\u00e1 algunas canciones. La siguiente parada ser\u00e1n Los M\u00e1rtires, donde tomar\u00e1n el relevo el joven violinista Aitor Schwaderer Ortiz y los conocidos castueranos Francisco Malav\u00e9 e Iv\u00e1n Ruiz Tosina.<\/p>\n<p>En el Parque del Calvario se ofrecer\u00e1 un helado para reponer la energ\u00eda de los caminantes y disfrutar\u00e1n de un bello recital po\u00e9tico, que correr\u00e1 a cargo del alcalde de la localidad, Paolo Atalaya, y el locutor radiof\u00f3nico Pedro Murillo, entre otros.<\/p>\n<p>En el Paseo de Santa Ana, final de ruta, habr\u00e1 una proyecci\u00f3n de fotos antiguas cedidas por el Proyecto Anta\u00f1o y el Centro de Documentaci\u00f3n del CEDER La Serena referidas a las calles y plazas que habr\u00e1n recorrido durante la ruta.<\/p>\n<p>La actividad, imprescindible para todo castuerano o visitante, ser\u00e1 divertida, ilustrativa, muy interesante y, adem\u00e1s, saludable, por lo que nadie deber\u00eda faltar el d\u00eda 13 de agosto a las 22:00 horas en la Plaza de San Juan, punto de partida de la ruta, y de muchas otras historias.<\/p>\n<p>&nbsp;<\/p>\n<p>Fuente:: <a href=\"http:\/\/www.hoycastuera.es\/actualidad\/2013-08-08\/universidad-popular-presenta-ruta-senderismo-1344.html\" rel=\"external nofollow\"><strong>HOY Castuera<\/strong><\/a><\/p>\n<\/div>\n<p>&nbsp;<\/p>\n<!-- AddThis Advanced Settings generic via filter on the_content --><!-- AddThis Share Buttons generic via filter on the_content -->","protected":false},"excerpt":{"rendered":"<p>Como ya hiciesen con gran \u00e9xito desde la Universidad Popular el pasado verano, la entidad ha organizado la II Ruta de Senderismo Urbano de la Vida Cotidiana de Castuera para el d\u00eda 13 de agosto, un recorrido nocturno y guiado por nuestro pueblo, pero de un modo diferente, conociendo la riqueza hist\u00f3rica y cultural que [&hellip;]<!-- AddThis Advanced Settings generic via filter on get_the_excerpt --><!-- AddThis Share Buttons generic via filter on get_the_excerpt --><\/p>\n","protected":false},"author":3,"featured_media":0,"comment_status":"open","ping_status":"closed","sticky":false,"template":"","format":"standard","meta":[],"categories":[4],"tags":[],"_links":{"self":[{"href":"https:\/\/blogs.hoy.es\/senderosextremadura\/wp-json\/wp\/v2\/posts\/1988"}],"collection":[{"href":"https:\/\/blogs.hoy.es\/senderosextremadura\/wp-json\/wp\/v2\/posts"}],"about":[{"href":"https:\/\/blogs.hoy.es\/senderosextremadura\/wp-json\/wp\/v2\/types\/post"}],"author":[{"embeddable":true,"href":"https:\/\/blogs.hoy.es\/senderosextremadura\/wp-json\/wp\/v2\/users\/3"}],"replies":[{"embeddable":true,"href":"https:\/\/blogs.hoy.es\/senderosextremadura\/wp-json\/wp\/v2\/comments?post=1988"}],"version-history":[{"count":0,"href":"https:\/\/blogs.hoy.es\/senderosextremadura\/wp-json\/wp\/v2\/posts\/1988\/revisions"}],"wp:attachment":[{"href":"https:\/\/blogs.hoy.es\/senderosextremadura\/wp-json\/wp\/v2\/media?parent=1988"}],"wp:term":[{"taxonomy":"category","embeddable":true,"href":"https:\/\/blogs.hoy.es\/senderosextremadura\/wp-json\/wp\/v2\/categories?post=1988"},{"taxonomy":"post_tag","embeddable":true,"href":"https:\/\/blogs.hoy.es\/senderosextremadura\/wp-json\/wp\/v2\/tags?post=1988"}],"curies":[{"name":"wp","href":"https:\/\/api.w.org\/{rel}","templated":true}]}}