{"id":1992,"date":"2013-09-24T16:56:49","date_gmt":"2013-09-24T16:56:49","guid":{"rendered":"http:\/\/blogs.hoy.es\/senderosextremadura\/?p=1992"},"modified":"2013-09-24T16:56:49","modified_gmt":"2013-09-24T16:56:49","slug":"ruta-solidaria-de-la-vereina-por-la-sierra-de-gata-6-de-octubre","status":"publish","type":"post","link":"https:\/\/blogs.hoy.es\/senderosextremadura\/2013\/09\/24\/ruta-solidaria-de-la-vereina-por-la-sierra-de-gata-6-de-octubre\/","title":{"rendered":"Ruta solidaria de La Vere\u00edna por la Sierra de Gata (6 de octubre)"},"content":{"rendered":"<p>El club senderista <a href=\"http:\/\/www.lavereina.es\" rel=\"external nofollow\"><strong>La Vere\u00edna de C\u00e1ceres<\/strong><\/a> vuelve a las andadas con paso firme y solidario. El 6 de octubre celebrar\u00e1n la <strong>II Marcha a favor de la AECC<\/strong> y lo har\u00e1n bajo el lema <strong>\u2018Caminando juntos contra el c\u00e1ncer de colon\u2019<\/strong>. El a\u00f1o pasado ya llevaron a cabo una propuesta similar con la que lograron recaudar 6.300 euros. El dinero se don\u00f3 al Banco de Alimentos de C\u00e1ceres para ayudar a familias desfavorecidas.<!--more--><\/p>\n<p>En esta ocasi\u00f3n, la marcha solidaria de <strong>45 kil\u00f3metros<\/strong> discurrir\u00e1 por los hermosos parajes de la <strong>comarca cacere\u00f1a<\/strong><strong> <\/strong><a href=\"https:\/\/blogs.hoy.es\/senderosextremadura\/2013\/09\/24\/ruta-solidaria-de-la-vereina-por-la-sierra-de-gata-6-de-octubre\/ruta-sierra-gata-vereina\/\" rel=\"attachment wp-att-1993\"><img loading=\"lazy\" class=\" wp-image-1993 alignright\" title=\"ruta-sierra-gata-vereina\" src=\"\/senderosextremadura\/wp-content\/uploads\/sites\/22\/2013\/09\/ruta-sierra-gata-vereina.jpg\" alt=\"\" width=\"426\" height=\"600\" \/><\/a><strong>de la <a href=\"http:\/\/www.hoy.es\/multimedia\/fotos\/regional\/112982-sierra-gata-paraiso-natural-rico-patrimonio-0.html\" rel=\"external nofollow\">Sierra de Gata<\/a><\/strong>. El club invita a todas las personas que quieran colaborar con la causa a <strong>recorrer 19 kil\u00f3metros<\/strong> de esta ruta.<\/p>\n<p><strong>PROGRAMA<\/strong><\/p>\n<p>Salida (previo desayuno) a las 10 de la ma\u00f1ana del albergue de Torre de Don Miguel. Saldr\u00e1n autobuses desde C\u00e1ceres a las 8 de la ma\u00f1ana desde la avenida D\u00edaz de Bustamante, 1 (rotonda Gimnasio Sototerra).<\/p>\n<p><strong>RECORRIDOS<\/strong><\/p>\n<p>La ruta de 19 kil\u00f3metros discurre hasta <strong>Perales del Puerto<\/strong>, pasando por las localidades de <strong>Gata y Villasbuenas de Gata<\/strong>.<\/p>\n<p>Tambi\u00e9n existe una <strong>alternativa f\u00e1cil denominada \u201cPaseito y buen vino\u201d<\/strong>. Quienes opten por esta opci\u00f3n saldr\u00e1n a las 12 de la ma\u00f1ana en autob\u00fas desde Torre de Don Miguel direcci\u00f3n Villasbuenas de Gata, desde cuya plaza saldr\u00e1 sobre las 13 horas para realizar este \u00faltimo tramo de 6 kil\u00f3metros.<\/p>\n<div class=\"mceTemp\">\n<dl id=\"attachment_1993\" class=\"wp-caption alignright\" style=\"width: 479px;\">\n<dt class=\"wp-caption-dt\"><\/dt>\n<dd class=\"wp-caption-dd\">Cartel de la ruta<\/dd>\n<\/dl>\n<\/div>\n<p>El club detalla que habr\u00e1 autobuses de vuelta a Torre de Don Miguel, de ida y vuelta a C\u00e1ceres; desayuno, regalos\u2026 y mucha solidaridad en un agradable ambiente y con el inmejorable marco de la Sierra de Gata.<\/p>\n<p>El importe de la <strong>inscripci\u00f3n solidaria es de 10 euros<\/strong>, que se donar\u00e1n a la AECC. Los interesados pueden apuntarse a partir del lunes 2 de septiembre en:<\/p>\n<p>\u2022 Hotel Don Carlos (C\/ Donoso Cort\u00e9s, 13-15)<\/p>\n<p>\u2022 Intersport Mostazo (C\/ San Pedro, 1)<\/p>\n<p>\u2022 Sede AECC (C\/ Hermandad Donantes de Sangre, 1; de lunes a viernes de 9 a 14). Despacho AECC en Hospital San Pedro de Alc\u00e1ntara (de lunes a viernes de 9 a 13).<\/p>\n<p>\u2022 Sede Club Deportivo La Vere\u00edna (C.C.El Descubrimiento, 1\u00aa Planta; lunes y mi\u00e9rcoles de 19 a 21h)<\/p>\n<p>O por transferencia a trav\u00e9s del n\u00famero de cuenta de Caja Rural: 3009 0063 59 2326622418 Beneficiario: Club Deportivo La Vere\u00edna Concepto: RUTA AECC \u2013 NOMBRE. Es muy importante enviar un correo electr\u00f3nico al club <strong>lavereina@gmail.com<\/strong> con el justificante de la transferencia y el nombre y apellidos de los inscritos; de esta forma te indicar\u00e1n c\u00f3mo recoger el dorsal.<\/p>\n<p>\u00bfQue t\u00fa eres poco de andar pero sobradamente solidario? Pues puedes dar tu apoyo a la causa a trav\u00e9s del \u2018Asiendo cero\u2019 habilitado en la cuenta de la AECC Liberbank (Caja Extremadura): 2048 1660 14 3400000018 Beneficiario: AECC Concepto: Donaci\u00f3n Ruta Solidaria<\/p>\n<p>&nbsp;<\/p>\n<p>M\u00e1s informaci\u00f3n en la <a href=\"http:\/\/www.lavereina.es\/pc.html\" rel=\"external nofollow\"><strong>web del club<\/strong><\/a> o en el mail <strong>lavereina@gmail.com<\/strong><\/p>\n<p>&nbsp;<\/p>\n<p>GALER\u00cdAS FOTOGR\u00c1FICAS DE LA SIERRA DE GATA<\/p>\n<p>&nbsp;<\/p>\n<ul>\n<li><a href=\"http:\/\/www.hoy.es\/multimedia\/fotos\/regional\/112982-sierra-gata-paraiso-natural-rico-patrimonio-0.html\" rel=\"external nofollow\"> <img src=\"\/\/resizer.hoy.es\/resizer\/resizer.php?imagen=http:\/\/foto-cache.hoy.es\/jpg\/8\/3\/1357924581138.jpg&#038;nuevoancho=70\" alt=\"\" \/><strong> Sierra<\/strong> de <strong>Gata<\/strong>, un para\u00edso natural con un rico patrimonio<\/a><\/li>\n<li><a href=\"http:\/\/www.hoy.es\/multimedia\/fotos\/regional\/112620-sierra-gata-belleza-tranquilidad-buena-gastronomia-0.html\" rel=\"external nofollow\"> <img src=\"\/\/resizer.hoy.es\/resizer\/resizer.php?imagen=http:\/\/foto-cache.hoy.es\/jpg\/3\/2\/1357324435623.jpg&#038;nuevoancho=70\" alt=\"\" \/><strong> Sierra<\/strong> de <strong>Gata<\/strong>, belleza, tranquilidad y buena gastronom\u00eda<\/a><\/li>\n<li><a href=\"http:\/\/www.hoy.es\/multimedia\/fotos\/caceres\/110372-ruta-verde-cervigona-sierra-gata-0.html\" rel=\"external nofollow\"> <img src=\"\/\/resizer.hoy.es\/resizer\/resizer.php?imagen=http:\/\/foto-cache.hoy.es\/jpg\/1\/6\/1353589493361.jpg&#038;nuevoancho=70\" alt=\"\" \/> Ruta verde de la Cervigona, en la <strong>Sierra<\/strong> de <strong>Gata<\/strong><\/a><\/li>\n<li><a href=\"http:\/\/www.hoy.es\/multimedia\/fotos\/ultimos\/108683-ruta-santa-clara-sierra-gata-0.html\" rel=\"external nofollow\"> <img src=\"\/\/resizer.hoy.es\/resizer\/resizer.php?imagen=http:\/\/foto-cache.hoy.es\/jpg\/6\/5\/1350992469256.jpg&#038;nuevoancho=70\" alt=\"\" \/> Ruta de Santa Clara por la <strong>Sierra<\/strong> de <strong>Gata<\/strong><\/a><\/li>\n<\/ul>\n<!-- AddThis Advanced Settings generic via filter on the_content --><!-- AddThis Share Buttons generic via filter on the_content -->","protected":false},"excerpt":{"rendered":"<p>El club senderista La Vere\u00edna de C\u00e1ceres vuelve a las andadas con paso firme y solidario. El 6 de octubre celebrar\u00e1n la II Marcha a favor de la AECC y lo har\u00e1n bajo el lema \u2018Caminando juntos contra el c\u00e1ncer de colon\u2019. El a\u00f1o pasado ya llevaron a cabo una propuesta similar con la que [&hellip;]<!-- AddThis Advanced Settings generic via filter on get_the_excerpt --><!-- AddThis Share Buttons generic via filter on get_the_excerpt --><\/p>\n","protected":false},"author":27,"featured_media":0,"comment_status":"open","ping_status":"closed","sticky":false,"template":"","format":"standard","meta":[],"categories":[4],"tags":[15,435,463,622,773,784,785,821,836,906,942,1021,1035,1094],"_links":{"self":[{"href":"https:\/\/blogs.hoy.es\/senderosextremadura\/wp-json\/wp\/v2\/posts\/1992"}],"collection":[{"href":"https:\/\/blogs.hoy.es\/senderosextremadura\/wp-json\/wp\/v2\/posts"}],"about":[{"href":"https:\/\/blogs.hoy.es\/senderosextremadura\/wp-json\/wp\/v2\/types\/post"}],"author":[{"embeddable":true,"href":"https:\/\/blogs.hoy.es\/senderosextremadura\/wp-json\/wp\/v2\/users\/27"}],"replies":[{"embeddable":true,"href":"https:\/\/blogs.hoy.es\/senderosextremadura\/wp-json\/wp\/v2\/comments?post=1992"}],"version-history":[{"count":0,"href":"https:\/\/blogs.hoy.es\/senderosextremadura\/wp-json\/wp\/v2\/posts\/1992\/revisions"}],"wp:attachment":[{"href":"https:\/\/blogs.hoy.es\/senderosextremadura\/wp-json\/wp\/v2\/media?parent=1992"}],"wp:term":[{"taxonomy":"category","embeddable":true,"href":"https:\/\/blogs.hoy.es\/senderosextremadura\/wp-json\/wp\/v2\/categories?post=1992"},{"taxonomy":"post_tag","embeddable":true,"href":"https:\/\/blogs.hoy.es\/senderosextremadura\/wp-json\/wp\/v2\/tags?post=1992"}],"curies":[{"name":"wp","href":"https:\/\/api.w.org\/{rel}","templated":true}]}}