{"id":1998,"date":"2013-09-05T15:56:32","date_gmt":"2013-09-05T15:56:32","guid":{"rendered":"http:\/\/blogs.hoy.es\/senderosextremadura\/?p=1998"},"modified":"2013-09-05T15:56:32","modified_gmt":"2013-09-05T15:56:32","slug":"la-luna-llena-ilumino-la-senda-morisca-de-la-sierra-de-hornachos","status":"publish","type":"post","link":"https:\/\/blogs.hoy.es\/senderosextremadura\/2013\/09\/05\/la-luna-llena-ilumino-la-senda-morisca-de-la-sierra-de-hornachos\/","title":{"rendered":"La luna llena ilumin\u00f3 la senda morisca de la Sierra de Hornachos"},"content":{"rendered":"<div id=\"attachment_2000\" style=\"width: 610px\" class=\"wp-caption aligncenter\"><a href=\"https:\/\/blogs.hoy.es\/senderosextremadura\/2013\/09\/05\/la-luna-llena-ilumino-la-senda-morisca-de-la-sierra-de-hornachos\/grupo\/\" rel=\"attachment wp-att-2000\"><img aria-describedby=\"caption-attachment-2000\" loading=\"lazy\" class=\"size-full wp-image-2000\" title=\"Participantes en la ruta por la Sierra de Hornachos:: ANTONIO M\u00c1RQUEZ \" src=\"\/senderosextremadura\/wp-content\/uploads\/sites\/22\/2013\/09\/grupo.jpg\" alt=\"\" width=\"600\" height=\"300\" srcset=\"https:\/\/static-blogs.hoy.es\/wp-content\/uploads\/sites\/22\/2013\/09\/grupo.jpg 600w, https:\/\/static-blogs.hoy.es\/wp-content\/uploads\/sites\/22\/2013\/09\/grupo-300x150.jpg 300w\" sizes=\"(max-width: 600px) 100vw, 600px\" \/><\/a><p id=\"caption-attachment-2000\" class=\"wp-caption-text\">Participantes en la ruta por la Sierra de Hornachos:: ANTONIO M\u00c1RQUEZ<\/p><\/div>\n<p><strong>JUAN FRANCISCO LLANO<\/strong> | Un grupo de amigos cumplimos el pasado 24 de agosto el sue\u00f1o de <strong>recorrer la sierra de Hornachos<\/strong> en una ruta nocturna acompa\u00f1ados bajo la \u00fanica luz de la luna llena.\u00a0 &#8220;Que sepamos es la primera vez que se realiza esta marcha de noche. La mayor\u00eda de nosotros estamos hartos de acudir a la sierra los fines de semana, pero siempre de d\u00eda&#8221;,\u00a0 comenta <strong>Antonio M\u00e1rquez<\/strong>, uno de los caminantes.<!--more--><\/p>\n<div id=\"attachment_2001\" style=\"width: 514px\" class=\"wp-caption alignright\"><a href=\"https:\/\/blogs.hoy.es\/senderosextremadura\/2013\/09\/05\/la-luna-llena-ilumino-la-senda-morisca-de-la-sierra-de-hornachos\/vistas\/\" rel=\"attachment wp-att-2001\"><img aria-describedby=\"caption-attachment-2001\" loading=\"lazy\" class=\" wp-image-2001\" src=\"\/senderosextremadura\/wp-content\/uploads\/sites\/22\/2013\/09\/vistas.jpg\" alt=\"Los amantes a la fotograf\u00eda disfrutaron con las panor\u00e1micas nocturnas:: ANTONIO M\u00c1RQUEZ \" width=\"504\" height=\"252\" srcset=\"https:\/\/static-blogs.hoy.es\/wp-content\/uploads\/sites\/22\/2013\/09\/vistas.jpg 600w, https:\/\/static-blogs.hoy.es\/wp-content\/uploads\/sites\/22\/2013\/09\/vistas-300x150.jpg 300w\" sizes=\"(max-width: 504px) 100vw, 504px\" \/><\/a><p id=\"caption-attachment-2001\" class=\"wp-caption-text\">Los amantes a la fotograf\u00eda disfrutaron las panor\u00e1micas nocturnas:: A. M\u00c1RQUEZ<\/p><\/div>\n<p>Este grupo de amigos, entre ellos <strong>David Casta\u00f1o<\/strong>, acordaron colgar en Facebook la que ser\u00eda su II Ruta Nocturna, con mapas, cotas y la distancia. En principio solo iban a participar cinco personas, &#8220;pero entre los que vieron la publicaci\u00f3n, y quienes lo comentamos con otros amigos y familiares,\u00a0 al final sumamos 28&#8221;. Podr\u00edan haber sido 40 los participantes pero unas doce personas dudaron de sus fuerzas y decidieron no realizarla al comprobar sobre el terreno que era un &#8220;poco dura&#8221;.<\/p>\n<p>&#8220;Fueron 6 kil\u00f3metros de recorrido total. Salimos a las diez de la noche y llegamos a las 1.30 de la madrugada&#8221;. A pesar de la escasa distancia,\u00a0 hab\u00eda que estar f\u00edsicamente bien preparado por las duras pendientes y bajadas bastante inclinadas, adem\u00e1s de las pocas paradas y el tiempo limitado. La ruta transcurri\u00f3 sin incidentes y <strong>no fue necesario el uso de linternas<\/strong> ya que la visibilidad era estupenda. Partimos desde la Plaza de la Cultura hasta la <strong>Fuente de los Moros<\/strong> y subiendo por la <strong>Cascada de Piedras<\/strong>, conocida por los Corraletes, llegamos hasta la Casa del Pastor, seguimos ascendiendo por la ladera trasera a la <strong>Cueva de la Campana<\/strong>, pasando por el bosque de las Hadas y bordeando la ladera derecha del <strong>Valle de los Moros<\/strong>, para subir despu\u00e9s al castillo y descender por el <strong>Valle de los Cristianos<\/strong>, concretamente por la <strong>Senda Morisca<\/strong> conocida tambi\u00e9n como &#8220;los escalones&#8221;. Finalmente entramos\u00a0 por el P\u00f3sito o Museo Morisco y llegamos al pueblo por el camino que accede hasta el Pilar de Palomas.<\/p>\n<p><a href=\"https:\/\/blogs.hoy.es\/senderosextremadura\/2013\/09\/05\/la-luna-llena-ilumino-la-senda-morisca-de-la-sierra-de-hornachos\/arana\/\" rel=\"attachment wp-att-2002\"><img loading=\"lazy\" class=\"alignleft  wp-image-2002\" title=\"\" src=\"\/senderosextremadura\/wp-content\/uploads\/sites\/22\/2013\/09\/arana.jpg\" alt=\"\" width=\"394\" height=\"197\" srcset=\"https:\/\/static-blogs.hoy.es\/wp-content\/uploads\/sites\/22\/2013\/09\/arana.jpg 600w, https:\/\/static-blogs.hoy.es\/wp-content\/uploads\/sites\/22\/2013\/09\/arana-300x150.jpg 300w\" sizes=\"(max-width: 394px) 100vw, 394px\" \/><\/a>Seg\u00fan Marquez, &#8220;la marcha fue muy r\u00e1pida por la dificultad. Los <strong>aficionados a la fotograf\u00eda apenas tuvieron tiempo<\/strong> de dedicarse a su pasi\u00f3n. Siempre iban los \u00faltimos porque quisieron hacer fotos impresionantes de algunas estampas que la sierra ofrece en luna llena, con la dificultad que esto supone si no llevas un tr\u00edpode&#8221;.<\/p>\n<p>La protagonista de la noche, adem\u00e1s de la luna, fue la ara\u00f1a de esta tercera imagen: &#8220;Muchos ni la vieron y casi le dan con la cabeza. Aquellos que la vieron pasaban por debajo r\u00e1pidamente, pero vamos que es un &#8216;bichito&#8217; como otro cualquiera&#8221;, dice sonriendo M\u00e1rquez.<\/p>\n<!-- AddThis Advanced Settings generic via filter on the_content --><!-- AddThis Share Buttons generic via filter on the_content -->","protected":false},"excerpt":{"rendered":"<p>JUAN FRANCISCO LLANO | Un grupo de amigos cumplimos el pasado 24 de agosto el sue\u00f1o de recorrer la sierra de Hornachos en una ruta nocturna acompa\u00f1ados bajo la \u00fanica luz de la luna llena.\u00a0 &#8220;Que sepamos es la primera vez que se realiza esta marcha de noche. La mayor\u00eda de nosotros estamos hartos de [&hellip;]<!-- AddThis Advanced Settings generic via filter on get_the_excerpt --><!-- AddThis Share Buttons generic via filter on get_the_excerpt --><\/p>\n","protected":false},"author":27,"featured_media":0,"comment_status":"open","ping_status":"closed","sticky":false,"template":"","format":"standard","meta":[],"categories":[4],"tags":[770,817,903,906,942,1035],"_links":{"self":[{"href":"https:\/\/blogs.hoy.es\/senderosextremadura\/wp-json\/wp\/v2\/posts\/1998"}],"collection":[{"href":"https:\/\/blogs.hoy.es\/senderosextremadura\/wp-json\/wp\/v2\/posts"}],"about":[{"href":"https:\/\/blogs.hoy.es\/senderosextremadura\/wp-json\/wp\/v2\/types\/post"}],"author":[{"embeddable":true,"href":"https:\/\/blogs.hoy.es\/senderosextremadura\/wp-json\/wp\/v2\/users\/27"}],"replies":[{"embeddable":true,"href":"https:\/\/blogs.hoy.es\/senderosextremadura\/wp-json\/wp\/v2\/comments?post=1998"}],"version-history":[{"count":0,"href":"https:\/\/blogs.hoy.es\/senderosextremadura\/wp-json\/wp\/v2\/posts\/1998\/revisions"}],"wp:attachment":[{"href":"https:\/\/blogs.hoy.es\/senderosextremadura\/wp-json\/wp\/v2\/media?parent=1998"}],"wp:term":[{"taxonomy":"category","embeddable":true,"href":"https:\/\/blogs.hoy.es\/senderosextremadura\/wp-json\/wp\/v2\/categories?post=1998"},{"taxonomy":"post_tag","embeddable":true,"href":"https:\/\/blogs.hoy.es\/senderosextremadura\/wp-json\/wp\/v2\/tags?post=1998"}],"curies":[{"name":"wp","href":"https:\/\/api.w.org\/{rel}","templated":true}]}}