{"id":2003,"date":"2013-09-10T09:28:25","date_gmt":"2013-09-10T09:28:25","guid":{"rendered":"http:\/\/blogs.hoy.es\/senderosextremadura\/?p=2003"},"modified":"2013-09-10T09:28:25","modified_gmt":"2013-09-10T09:28:25","slug":"las-tres-cumbres-rompepiernas-de-los-santos-de-maimona-15-de-septiembre","status":"publish","type":"post","link":"https:\/\/blogs.hoy.es\/senderosextremadura\/2013\/09\/10\/las-tres-cumbres-rompepiernas-de-los-santos-de-maimona-15-de-septiembre\/","title":{"rendered":"Las tres cumbres &#039;rompepiernas&#039; de Los Santos de Maimona (15 de septiembre)"},"content":{"rendered":"<div id=\"attachment_2004\" style=\"width: 413px\" class=\"wp-caption aligncenter\"><a href=\"https:\/\/blogs.hoy.es\/senderosextremadura\/2013\/09\/10\/las-tres-cumbres-rompepiernas-de-los-santos-de-maimona-15-de-septiembre\/res-sierras\/\" rel=\"attachment wp-att-2004\"><img aria-describedby=\"caption-attachment-2004\" loading=\"lazy\" class=\"size-full wp-image-2004\" title=\"\" src=\"\/senderosextremadura\/wp-content\/uploads\/sites\/22\/2013\/09\/res-sierras.jpg\" alt=\"\" width=\"403\" height=\"232\" srcset=\"https:\/\/static-blogs.hoy.es\/wp-content\/uploads\/sites\/22\/2013\/09\/res-sierras.jpg 403w, https:\/\/static-blogs.hoy.es\/wp-content\/uploads\/sites\/22\/2013\/09\/res-sierras-300x173.jpg 300w\" sizes=\"(max-width: 403px) 100vw, 403px\" \/><\/a><p id=\"caption-attachment-2004\" class=\"wp-caption-text\">Perfil de la ruta<\/p><\/div>\n<p>La <strong>Asociaci\u00f3n Monta\u00f1eros Vegas Altas<\/strong> de Villanueva de la Serena ha organizado para el pr\u00f3ximo domingo 15 de septiembre una ruta de <strong>20,5 kil\u00f3metros por las tres sierras de Los Santos de Maimona<\/strong>. La marcha, de dificultad media seg\u00fan indican los organizadores, tendr\u00e1 una duraci\u00f3n aproximada de seis horas.<\/p>\n<p>Partiendo de la Plaza de Vistahermosa de los <a href=\"http:\/\/www.hoylossantosdemaimona.es\/\" rel=\"external nofollow\"><strong>Santos de Maimona<\/strong><\/a>,\u00a0 los caminantes atravesar\u00e1n los monumentos m\u00e1s representativos de la localidad: el antiguo Hospital-Convento de la Pur\u00edsima Concepci\u00f3n, la Plaza de Espa\u00f1a, rodeada de grandes casas se\u00f1oriales blasonadas, entre ellas el Palacio del Conde de Casa Henestrosa y la Iglesia de Nuestra Se\u00f1ora de Los \u00c1ngeles. Y antes de abandonar el casco urbano se disfrutar\u00e1 tambi\u00e9n del Palacio de la Encomienda, sede del Ayuntamiento, as\u00ed como el Santuario de la Virgen de La Estrella, patrona de la localidad.<\/p>\n<p><!--more--><br \/>\nTras abandonar el municipio, la ruta se adentrar\u00e1 en la <strong>Sierra de Cabrera<\/strong>, con una subida con un desnivel aproximado de 80 m. en apenas 1 Km. A mitad del recorrido, se pueden observar restos de f\u00f3siles marinos de la \u00e9poca del Carbon\u00edfero Inferior encontrados en toda \u00e9sta zona.<br \/>\nSe contin\u00faa durante unos cinco kil\u00f3metros con un tramo de los llamados &#8220;rompepiernas&#8221; con continuas subidas y bajadas, algunas de cierta dificultad y que llevar\u00e1 a lo alto de la <strong>Sierra de Los Olivos<\/strong>, all\u00ed se podr\u00e1n observar restos de antiguas &#8220;Majadas&#8221; de pastores. El final de \u00e9sta sierra enlaza con el inicio de la <strong>Sierra de San Crist\u00f3bal<\/strong>, un tramo por un camino rodeado por un cuidado pinar para ir a la zona de las antiguas canteras de cemento y donde se contemplar\u00e1 el cambio experimentado en la misma, con la rehabilitaci\u00f3n de los antiguos edificios de la cementera, convertidos en la nueva Ermita de San Isidro, el restaurante La Tolva Terrazas del Mirador \u00a0 o el Centro de Interpretaci\u00f3n &#8220;La Cementera&#8221;y el aprovechamiento de los espacios naturales, como la construcci\u00f3n de un Auditorio al aire libre y el acondicionamiento de la zona para la celebraci\u00f3n de las fiestas de San Isidro. Terminado \u00e9ste tramo, la ruta parte a la avenida de la Constituci\u00f3n que lleva de nuevo a la Plaza de Vistahermosa, punto de partida y final de la ruta.<\/p>\n<p>&nbsp;<\/p>\n<p><strong>DATOS DE LA RUTA<\/strong><\/p>\n<p>Salida desde Villanueva de la Serena a las 8:30 horas y de Don Benito a las 8:45 horas.<\/p>\n<p>Precio: Socios, 10,00 euros, socios, 15,00\u20ac, de los cuales 3,00\u20ac son para pagar el seguro.<\/p>\n<p>Los socios, al estar federados, ya estan asegurados.<br \/>\nIngresar antes del miercoles, 11 de septiembre, en OPENBANK (Cualquier oficina del banco Santander): 0073-0100-56-0486591460<\/p>\n<p>&nbsp;<\/p>\n<div><strong>Geograf\u00eda de la poblaci\u00f3n<\/strong><\/div>\n<p>La villa de Los Santos de Maimona se encuentra situada en el centro sur de la provincia de Badajoz, en un valle de suaves\u00a0lomas rodeado por sierras, Sierra de San Crist\u00f3bal, de \u00a0Cabrera y Sierra de Los Santos, donde destaca el llamado\u00a0Cerro del Castillo con la mayor \u00a0altura del municipio, 646 metros\u00a0sobre el nivel de mar y m\u00e1s de \u00a0100 sobre el terreno circundante. A trav\u00e9s de estas sierras discurre el arroyo \u00a0del Robledillo, seco la mayor parte del a\u00f1o.<br \/>\nLa poblaci\u00f3n ocupa la parte sur de la comarca de Tierra de \u00a0Barros y dista 75 kil\u00f3metros de Badajoz y 56 de M\u00e9rida.\u00a0El t\u00e9rmino municipal tiene una extensi\u00f3n de 109 kil\u00f3metros cuadrados, con una poblaci\u00f3n de unos 8.300 habitantes y una \u00a0altitud en la localidad de 530 metros sobre el nivel del mar.<br \/>\nEl clima es templado con bruscos cambios de temperatura de invierno a verano. La pluviosidad es escasa, de unos 630 mm., predominando los vientos del este.<br \/>\nLas tierras del llano son arcillosas, la mayor\u00eda de secano, excepto las huertas que rodean a la poblaci\u00f3n, que siempre han contado con gran calidad en sus productos.<br \/>\nSe cultiva la vid, destacando la variedad aut\u00f3ctona Eva \u2013Beba de Los Santos, y en el olivar la variedad de aceituna Morisca, con la cual se elabora la afamada Aceite Maimona, \u00a0tambi\u00e9n podemos destacar los cereales y los almendros. La \u00a0ganader\u00eda es principalmente porcina, ovina y vacuna.\u00a0Es una de las poblaciones mejor comunicadas del sur de la \u00a0provincia de Badajoz, al encontrarse en una encrucijada de \u00a0caminos y v\u00edas de comunicaci\u00f3n desde tiempos inmemoriales.<\/p>\n<p>&nbsp;<\/p>\n<!-- AddThis Advanced Settings generic via filter on the_content --><!-- AddThis Share Buttons generic via filter on the_content -->","protected":false},"excerpt":{"rendered":"<p>La Asociaci\u00f3n Monta\u00f1eros Vegas Altas de Villanueva de la Serena ha organizado para el pr\u00f3ximo domingo 15 de septiembre una ruta de 20,5 kil\u00f3metros por las tres sierras de Los Santos de Maimona. La marcha, de dificultad media seg\u00fan indican los organizadores, tendr\u00e1 una duraci\u00f3n aproximada de seis horas. Partiendo de la Plaza de Vistahermosa [&hellip;]<!-- AddThis Advanced Settings generic via filter on get_the_excerpt --><!-- AddThis Share Buttons generic via filter on get_the_excerpt --><\/p>\n","protected":false},"author":27,"featured_media":0,"comment_status":"open","ping_status":"closed","sticky":false,"template":"","format":"standard","meta":[],"categories":[4],"tags":[],"_links":{"self":[{"href":"https:\/\/blogs.hoy.es\/senderosextremadura\/wp-json\/wp\/v2\/posts\/2003"}],"collection":[{"href":"https:\/\/blogs.hoy.es\/senderosextremadura\/wp-json\/wp\/v2\/posts"}],"about":[{"href":"https:\/\/blogs.hoy.es\/senderosextremadura\/wp-json\/wp\/v2\/types\/post"}],"author":[{"embeddable":true,"href":"https:\/\/blogs.hoy.es\/senderosextremadura\/wp-json\/wp\/v2\/users\/27"}],"replies":[{"embeddable":true,"href":"https:\/\/blogs.hoy.es\/senderosextremadura\/wp-json\/wp\/v2\/comments?post=2003"}],"version-history":[{"count":0,"href":"https:\/\/blogs.hoy.es\/senderosextremadura\/wp-json\/wp\/v2\/posts\/2003\/revisions"}],"wp:attachment":[{"href":"https:\/\/blogs.hoy.es\/senderosextremadura\/wp-json\/wp\/v2\/media?parent=2003"}],"wp:term":[{"taxonomy":"category","embeddable":true,"href":"https:\/\/blogs.hoy.es\/senderosextremadura\/wp-json\/wp\/v2\/categories?post=2003"},{"taxonomy":"post_tag","embeddable":true,"href":"https:\/\/blogs.hoy.es\/senderosextremadura\/wp-json\/wp\/v2\/tags?post=2003"}],"curies":[{"name":"wp","href":"https:\/\/api.w.org\/{rel}","templated":true}]}}