{"id":2007,"date":"2013-09-11T16:06:32","date_gmt":"2013-09-11T16:06:32","guid":{"rendered":"http:\/\/blogs.hoy.es\/senderosextremadura\/?p=2007"},"modified":"2013-09-11T16:06:32","modified_gmt":"2013-09-11T16:06:32","slug":"integral-por-el-valle-de-las-batuecas-22-de-septiembre","status":"publish","type":"post","link":"https:\/\/blogs.hoy.es\/senderosextremadura\/2013\/09\/11\/integral-por-el-valle-de-las-batuecas-22-de-septiembre\/","title":{"rendered":"Integral por el Valle de las Batuecas (22 de septiembre)"},"content":{"rendered":"<p><a href=\"\/senderosextremadura\/wp-content\/uploads\/sites\/22\/2013\/09\/valcorchero.jpg\"><img loading=\"lazy\" class=\"aligncenter  wp-image-2008\" title=\"\" src=\"\/senderosextremadura\/wp-content\/uploads\/sites\/22\/2013\/09\/valcorchero.jpg\" alt=\"\" width=\"684\" height=\"388\" srcset=\"https:\/\/static-blogs.hoy.es\/wp-content\/uploads\/sites\/22\/2013\/09\/valcorchero.jpg 880w, https:\/\/static-blogs.hoy.es\/wp-content\/uploads\/sites\/22\/2013\/09\/valcorchero-300x170.jpg 300w, https:\/\/static-blogs.hoy.es\/wp-content\/uploads\/sites\/22\/2013\/09\/valcorchero-768x436.jpg 768w, https:\/\/static-blogs.hoy.es\/wp-content\/uploads\/sites\/22\/2013\/09\/valcorchero-600x341.jpg 600w\" sizes=\"(max-width: 684px) 100vw, 684px\" \/><\/a><\/p>\n<p>&nbsp;<\/p>\n<p>La <strong>Secci\u00f3n de Monta\u00f1a del CP Valcorchero (Plasencia)<\/strong> ha organizado para el d\u00eda <strong>22 de septiembre<\/strong> una ruta integral por el <strong>Valle de Las Batuecas<\/strong>, en la vecina comarca salmantina de la <strong>Sierra de Francia<\/strong>. El itinerario incluye el paso por el monasterio de Las Batuecas, Los Puertitos, Las Cornisas, Pe\u00f1a Carbonera, Camino del Revent\u00f3n y regreso al monasterio.<\/p>\n<p>El recorrido tendr\u00e1 una duracci\u00f3n aproximada de nueve horas y una distancia de unos 25 kil\u00f3metros. La dificultad es alta. La salida tendr\u00e1 lugar desde el Parque Los Pinos de plasencia a las 7 de la ma\u00f1ana.<\/p>\n<p>Precios de inscripci\u00f3n:<br \/>\nSocios mayores federados: 8 euros<br \/>\nFederados con otro Club: 10 euros<br \/>\nNo federados: 13 euros<br \/>\nInf.\/Juvenil federados:\u00a0 Gratis<br \/>\nSocios desempleados: 50% de descuento.<br \/>\nLas personas no federadas deber\u00e1n facilitar su DNI antes del jueves anterior a la marcha.<\/p>\n<p>Inscripciones:<br \/>\nAGENCIA DE VIAJES EXTREMATOURS<br \/>\n(Avda. Alfonso VIII, 12)<br \/>\nTel: 927 427 117<\/p>\n<!-- AddThis Advanced Settings generic via filter on the_content --><!-- AddThis Share Buttons generic via filter on the_content -->","protected":false},"excerpt":{"rendered":"<p>&nbsp; La Secci\u00f3n de Monta\u00f1a del CP Valcorchero (Plasencia) ha organizado para el d\u00eda 22 de septiembre una ruta integral por el Valle de Las Batuecas, en la vecina comarca salmantina de la Sierra de Francia. El itinerario incluye el paso por el monasterio de Las Batuecas, Los Puertitos, Las Cornisas, Pe\u00f1a Carbonera, Camino del [&hellip;]<!-- AddThis Advanced Settings generic via filter on get_the_excerpt --><!-- AddThis Share Buttons generic via filter on get_the_excerpt --><\/p>\n","protected":false},"author":3,"featured_media":0,"comment_status":"open","ping_status":"closed","sticky":false,"template":"","format":"standard","meta":[],"categories":[4],"tags":[96,796,879,906,946,975,1047],"_links":{"self":[{"href":"https:\/\/blogs.hoy.es\/senderosextremadura\/wp-json\/wp\/v2\/posts\/2007"}],"collection":[{"href":"https:\/\/blogs.hoy.es\/senderosextremadura\/wp-json\/wp\/v2\/posts"}],"about":[{"href":"https:\/\/blogs.hoy.es\/senderosextremadura\/wp-json\/wp\/v2\/types\/post"}],"author":[{"embeddable":true,"href":"https:\/\/blogs.hoy.es\/senderosextremadura\/wp-json\/wp\/v2\/users\/3"}],"replies":[{"embeddable":true,"href":"https:\/\/blogs.hoy.es\/senderosextremadura\/wp-json\/wp\/v2\/comments?post=2007"}],"version-history":[{"count":0,"href":"https:\/\/blogs.hoy.es\/senderosextremadura\/wp-json\/wp\/v2\/posts\/2007\/revisions"}],"wp:attachment":[{"href":"https:\/\/blogs.hoy.es\/senderosextremadura\/wp-json\/wp\/v2\/media?parent=2007"}],"wp:term":[{"taxonomy":"category","embeddable":true,"href":"https:\/\/blogs.hoy.es\/senderosextremadura\/wp-json\/wp\/v2\/categories?post=2007"},{"taxonomy":"post_tag","embeddable":true,"href":"https:\/\/blogs.hoy.es\/senderosextremadura\/wp-json\/wp\/v2\/tags?post=2007"}],"curies":[{"name":"wp","href":"https:\/\/api.w.org\/{rel}","templated":true}]}}