{"id":2015,"date":"2013-09-17T08:00:04","date_gmt":"2013-09-17T08:00:04","guid":{"rendered":"http:\/\/blogs.hoy.es\/senderosextremadura\/?p=2015"},"modified":"2013-09-17T08:00:04","modified_gmt":"2013-09-17T08:00:04","slug":"ruta-de-la-garganta-de-los-infiernos-29-de-septiembre","status":"publish","type":"post","link":"https:\/\/blogs.hoy.es\/senderosextremadura\/2013\/09\/17\/ruta-de-la-garganta-de-los-infiernos-29-de-septiembre\/","title":{"rendered":"Ruta por la Garganta de los Infiernos (29 de septiembre)"},"content":{"rendered":"<p>&nbsp;<\/p>\n<div id=\"attachment_2018\" style=\"width: 542px\" class=\"wp-caption aligncenter\"><a href=\"https:\/\/blogs.hoy.es\/senderosextremadura\/2013\/09\/17\/ruta-de-la-garganta-de-los-infiernos-29-de-septiembre\/800px-gargantadelosinfiernos\/\" rel=\"attachment wp-att-2018\"><img aria-describedby=\"caption-attachment-2018\" loading=\"lazy\" class=\" wp-image-2018\" title=\"\" src=\"\/senderosextremadura\/wp-content\/uploads\/sites\/22\/2013\/09\/800px-Gargantadelosinfiernos.jpg\" alt=\"\" width=\"532\" height=\"399\" srcset=\"https:\/\/static-blogs.hoy.es\/wp-content\/uploads\/sites\/22\/2013\/09\/800px-Gargantadelosinfiernos.jpg 800w, https:\/\/static-blogs.hoy.es\/wp-content\/uploads\/sites\/22\/2013\/09\/800px-Gargantadelosinfiernos-300x225.jpg 300w, https:\/\/static-blogs.hoy.es\/wp-content\/uploads\/sites\/22\/2013\/09\/800px-Gargantadelosinfiernos-768x576.jpg 768w, https:\/\/static-blogs.hoy.es\/wp-content\/uploads\/sites\/22\/2013\/09\/800px-Gargantadelosinfiernos-600x450.jpg 600w\" sizes=\"(max-width: 532px) 100vw, 532px\" \/><\/a><p id=\"caption-attachment-2018\" class=\"wp-caption-text\">Garganta de los Infiernos, en el Valle del Jerte<\/p><\/div>\n<p><a href=\"https:\/\/dl.dropboxusercontent.com\/u\/61070558\/Garganta%20de%20los%20Infiernos.pdf\" target=\"_blank\" rel=\"external nofollow\"><strong>Grupo Verde de Almendralejo<\/strong><\/a> aprovechar\u00e1 el \u00faltimo fin de semana caminando en el <strong>Valle del Jerte<\/strong>. El domingo 29 de septiembre realizar\u00e1n la <strong>Ruta de la Garganta de los Infiernos<\/strong>.Se trata de una marcha circular de 16 kil\u00f3metros y una duraci\u00f3n aproximada de seis horas. Actividad muy interesante para los senderistas de Tierra de Barros, ya que el bus sale desde Almendralejo.<\/p>\n<p><!--more--><strong>Recorrido<\/strong><\/p>\n<div dir=\"ltr\" data-font-name=\"g_font_p0_1\" data-canvas-width=\"144.07936429389954\">El itinerario visita una de las partes m\u00e1s bellas y concurridas de la Sierra de Gredos, la falda noroeste de la <strong>Sierra de <a href=\"https:\/\/blogs.hoy.es\/senderosextremadura\/2013\/09\/17\/ruta-de-la-garganta-de-los-infiernos-29-de-septiembre\/garganta-infiernos\/\" rel=\"attachment wp-att-2016\"><img loading=\"lazy\" class=\"alignright  wp-image-2016\" title=\"\" src=\"\/senderosextremadura\/wp-content\/uploads\/sites\/22\/2013\/09\/garganta-infiernos.jpg\" alt=\"\" width=\"394\" height=\"493\" \/><\/a>Tormantos<\/strong>. Destaca su gran riqueza ecol\u00f3gica, dominada por una frondosa mancha de bosque caducifolio surcada por <strong>cristalinas gargantas tributarias del r\u00edo Jerte<\/strong>, encontrando en <strong>Los Pilones<\/strong> su imagen m\u00e1s internacional. Esta formaci\u00f3n geol\u00f3gica conocida como marmitas de gigante se forma por la acci\u00f3n continuada del agua sobre los grandes bloques de granito. La fuerza de la corriente imprime un movimiento circular al material de arrastre (peque\u00f1as piedras sueltas que quedan retenidas en el fondo), labrando grandes y profundas ba\u00f1eras sucesivas excavadas en la roca. La Garganta de los Infiernos, de la que toma nombre la <strong>Reserva Natural declarada por la RENPEX<\/strong>, surge como fruto de la uni\u00f3n de la Garganta del Collado de las Yeguas con la Garganta de los Tres Cerros. Sobre esta \u00faltima encontramos <strong>el hist\u00f3rico Puente nuevo o de Carlos V<\/strong>, llamado as\u00ed tras el paso del monarca de camino a su retiro imperial en el Monasterio de Yuste &#8230;\u201d (de Keducc)-<\/div>\n<div dir=\"ltr\" data-font-name=\"g_font_p0_1\" data-canvas-width=\"144.07936429389954\"><\/div>\n<div dir=\"ltr\" data-font-name=\"g_font_p0_25\" data-canvas-width=\"93.84480279679299\"><strong>HORARIO<\/strong><\/div>\n<div dir=\"ltr\" data-font-name=\"g_font_p1_20\" data-canvas-width=\"315.21600939416885\">6.45 horas: Punto de encuentro en la rotonda de la Renfe, Almendralejo.<\/div>\n<div dir=\"ltr\" data-font-name=\"g_font_p1_20\" data-canvas-width=\"117.69600350761412\">7.00 horas: salida.<\/div>\n<div dir=\"ltr\" data-font-name=\"g_font_p1_20\" data-canvas-width=\"117.69600350761412\"><\/div>\n<div dir=\"ltr\" data-font-name=\"g_font_p0_1\" data-canvas-width=\"213.6960063686371\"><strong>DESPLAZAMIENTO EN AUTOB\u00daS<\/strong><\/div>\n<div dir=\"ltr\" data-font-name=\"g_font_p0_1\" data-canvas-width=\"321.7920095901489\">El regreso despu\u00e9s de un descanso para reponer<\/div>\n<div dir=\"ltr\" data-font-name=\"g_font_p0_1\" data-canvas-width=\"51.18400152540207\">fuerzas.<\/div>\n<div dir=\"ltr\" data-font-name=\"g_font_p0_1\" data-canvas-width=\"172.00000512599945\">PRECIO DE LA ACTIVIDAD:<\/div>\n<div dir=\"ltr\" data-font-name=\"g_font_p0_1\" data-canvas-width=\"249.4720074348451\">15 euros para los socios de Grupo Verde que hayan pagado la cuota anual. Los dem\u00e1s pagar\u00e1n 20 euros y 6 los menos de 16 a\u00f1os a\u00f1os, que habr\u00e1n de ir acompa\u00f1ados.<\/div>\n<div dir=\"ltr\" data-font-name=\"g_font_p0_1\" data-canvas-width=\"249.4720074348451\"><\/div>\n<div dir=\"ltr\" data-font-name=\"g_font_p0_1\" data-canvas-width=\"120.62400359487532\"><strong>FORMA DE PAGO<\/strong><\/div>\n<div dir=\"ltr\" data-font-name=\"g_font_p1_19\" data-canvas-width=\"6.108800182056428\"><\/div>\n<div dir=\"ltr\" data-font-name=\"g_font_p0_1\" data-canvas-width=\"50.656001509666446\">Ingreso o transperencia\u00a0 a la cuenta 3001\/0037\/43\/3720005561, de Caja Almendralejo, indicando en concepto:\u201cJERTE\u201d<\/div>\n<div dir=\"ltr\" data-font-name=\"g_font_p1_19\" data-canvas-width=\"6.108800182056428\"><\/div>\n<div dir=\"ltr\" data-font-name=\"g_font_p0_1\" data-canvas-width=\"74.30400221443176\"><strong>PLAZO DE ABONO<\/strong><\/div>\n<div dir=\"ltr\" data-font-name=\"g_font_p0_1\" data-canvas-width=\"74.30400221443176\"><\/div>\n<div dir=\"ltr\" data-font-name=\"g_font_p0_1\" data-canvas-width=\"74.30400221443176\">Hasta el martes 24 de septiembre<\/div>\n<div dir=\"ltr\" data-font-name=\"g_font_p0_1\" data-canvas-width=\"74.30400221443176\"><a href=\"http:\/\/www.grupoverde.es\/\" target=\"_blank\"><br \/>\n<\/a><\/div>\n<div dir=\"ltr\" data-font-name=\"g_font_p0_1\" data-canvas-width=\"74.30400221443176\"><a href=\"http:\/\/www.grupoverde.es\/\" target=\"_blank\" rel=\"external nofollow\">M\u00c1S INFORMACI\u00d3N EN LA WEB DEL CLUB<\/a><\/div>\n<div dir=\"ltr\" data-font-name=\"g_font_p0_1\" data-canvas-width=\"74.30400221443176\"><\/div>\n<p>&nbsp;<\/p>\n<!-- AddThis Advanced Settings generic via filter on the_content --><!-- AddThis Share Buttons generic via filter on the_content -->","protected":false},"excerpt":{"rendered":"<p>&nbsp; Grupo Verde de Almendralejo aprovechar\u00e1 el \u00faltimo fin de semana caminando en el Valle del Jerte. El domingo 29 de septiembre realizar\u00e1n la Ruta de la Garganta de los Infiernos.Se trata de una marcha circular de 16 kil\u00f3metros y una duraci\u00f3n aproximada de seis horas. Actividad muy interesante para los senderistas de Tierra de [&hellip;]<!-- AddThis Advanced Settings generic via filter on get_the_excerpt --><!-- AddThis Share Buttons generic via filter on get_the_excerpt --><\/p>\n","protected":false},"author":27,"featured_media":0,"comment_status":"open","ping_status":"closed","sticky":false,"template":"","format":"standard","meta":[],"categories":[4],"tags":[301,343,830,911,1063],"_links":{"self":[{"href":"https:\/\/blogs.hoy.es\/senderosextremadura\/wp-json\/wp\/v2\/posts\/2015"}],"collection":[{"href":"https:\/\/blogs.hoy.es\/senderosextremadura\/wp-json\/wp\/v2\/posts"}],"about":[{"href":"https:\/\/blogs.hoy.es\/senderosextremadura\/wp-json\/wp\/v2\/types\/post"}],"author":[{"embeddable":true,"href":"https:\/\/blogs.hoy.es\/senderosextremadura\/wp-json\/wp\/v2\/users\/27"}],"replies":[{"embeddable":true,"href":"https:\/\/blogs.hoy.es\/senderosextremadura\/wp-json\/wp\/v2\/comments?post=2015"}],"version-history":[{"count":0,"href":"https:\/\/blogs.hoy.es\/senderosextremadura\/wp-json\/wp\/v2\/posts\/2015\/revisions"}],"wp:attachment":[{"href":"https:\/\/blogs.hoy.es\/senderosextremadura\/wp-json\/wp\/v2\/media?parent=2015"}],"wp:term":[{"taxonomy":"category","embeddable":true,"href":"https:\/\/blogs.hoy.es\/senderosextremadura\/wp-json\/wp\/v2\/categories?post=2015"},{"taxonomy":"post_tag","embeddable":true,"href":"https:\/\/blogs.hoy.es\/senderosextremadura\/wp-json\/wp\/v2\/tags?post=2015"}],"curies":[{"name":"wp","href":"https:\/\/api.w.org\/{rel}","templated":true}]}}