{"id":2019,"date":"2013-09-18T20:18:38","date_gmt":"2013-09-18T20:18:38","guid":{"rendered":"http:\/\/blogs.hoy.es\/senderosextremadura\/?p=2019"},"modified":"2013-09-18T20:18:38","modified_gmt":"2013-09-18T20:18:38","slug":"iv-ruta-los-garbanzos-en-villar-del-rey-28-de-septiembre","status":"publish","type":"post","link":"https:\/\/blogs.hoy.es\/senderosextremadura\/2013\/09\/18\/iv-ruta-los-garbanzos-en-villar-del-rey-28-de-septiembre\/","title":{"rendered":"IV Ruta &#039;Los Garbanzos&#039; en Villar del Rey (28 de septiembre)"},"content":{"rendered":"<p><a href=\"https:\/\/blogs.hoy.es\/senderosextremadura\/2013\/09\/18\/iv-ruta-los-garbanzos-en-villar-del-rey-28-de-septiembre\/garbanzos\/\" rel=\"attachment wp-att-2020\"><img loading=\"lazy\" class=\"aligncenter size-large wp-image-2020\" title=\"\" src=\"\/senderosextremadura\/wp-content\/uploads\/sites\/22\/2013\/09\/garbanzos.jpg\" alt=\"\" width=\"600\" height=\"424\" srcset=\"https:\/\/static-blogs.hoy.es\/wp-content\/uploads\/sites\/22\/2013\/09\/garbanzos.jpg 960w, https:\/\/static-blogs.hoy.es\/wp-content\/uploads\/sites\/22\/2013\/09\/garbanzos-300x212.jpg 300w, https:\/\/static-blogs.hoy.es\/wp-content\/uploads\/sites\/22\/2013\/09\/garbanzos-768x543.jpg 768w, https:\/\/static-blogs.hoy.es\/wp-content\/uploads\/sites\/22\/2013\/09\/garbanzos-600x424.jpg 600w\" sizes=\"(max-width: 600px) 100vw, 600px\" \/><\/a>Coincidiendo con el <strong>D\u00eda de la Mancomunidad L\u00e1cara los Bald\u00edos<\/strong> se desarrollar\u00e1n diversas actividades en la localidad pacense de <strong>Villar del Rey<\/strong>. Entre otras actividades, los asistentes podr\u00e1n degustar una comida popular con garbanzos, bailes y actuaciones, adem\u00e1s de una <strong>marcha senderista<\/strong>. <!--more--><\/p>\n<p>La <strong>IV Ruta &#8216;Los Garbanzos&#8217;\u00a0<\/strong> arrancar\u00e1 a las diez de la ma\u00f1ana y tendr\u00e1 un <strong>recorrido de unos 20 kil\u00f3metros<\/strong>. La inscripci\u00f3n cuesta tres euros por participante y deben realizarse a trav\u00e9s de la web de <a href=\"http:\/\/senderoslacarabaldios.blogspot.com.es\/2013\/09\/iv-ruta-de-los-garbanzos.html?spref=fb&#038;m=1\" rel=\"external nofollow\"><strong>Senderos L\u00e1cara Los Bald\u00edos<\/strong><\/a>. El ingreso tiene que hacerse efectivo en el n\u00famero de cuenta 3009 0068 83 2280440328 de Caja Rural de Extremadura. La organizaci\u00f3n ofrecer\u00e1\u00a0 un <strong>desayuno<\/strong>, que tendr\u00e1 lugar a las nueve de la ma\u00f1ana, ruta guiada, avituallamiento y seguros.<\/p>\n<p>&nbsp;<\/p>\n<p><a href=\"http:\/\/senderoslacarabaldios.blogspot.com.es\/2013\/09\/iv-ruta-de-los-garbanzos.html?spref=fb&#038;m=1\" rel=\"external nofollow\">M\u00e1s informaci\u00f3n de la ruta<\/a><\/p>\n<p>&nbsp;<\/p>\n<p>&nbsp;<\/p>\n<!-- AddThis Advanced Settings generic via filter on the_content --><!-- AddThis Share Buttons generic via filter on the_content -->","protected":false},"excerpt":{"rendered":"<p>Coincidiendo con el D\u00eda de la Mancomunidad L\u00e1cara los Bald\u00edos se desarrollar\u00e1n diversas actividades en la localidad pacense de Villar del Rey. Entre otras actividades, los asistentes podr\u00e1n degustar una comida popular con garbanzos, bailes y actuaciones, adem\u00e1s de una marcha senderista.<!-- AddThis Advanced Settings generic via filter on get_the_excerpt --><!-- AddThis Share Buttons generic via filter on get_the_excerpt --><\/p>\n","protected":false},"author":27,"featured_media":0,"comment_status":"open","ping_status":"closed","sticky":false,"template":"","format":"standard","meta":[],"categories":[4],"tags":[799,804,906,950,1035,1090],"_links":{"self":[{"href":"https:\/\/blogs.hoy.es\/senderosextremadura\/wp-json\/wp\/v2\/posts\/2019"}],"collection":[{"href":"https:\/\/blogs.hoy.es\/senderosextremadura\/wp-json\/wp\/v2\/posts"}],"about":[{"href":"https:\/\/blogs.hoy.es\/senderosextremadura\/wp-json\/wp\/v2\/types\/post"}],"author":[{"embeddable":true,"href":"https:\/\/blogs.hoy.es\/senderosextremadura\/wp-json\/wp\/v2\/users\/27"}],"replies":[{"embeddable":true,"href":"https:\/\/blogs.hoy.es\/senderosextremadura\/wp-json\/wp\/v2\/comments?post=2019"}],"version-history":[{"count":0,"href":"https:\/\/blogs.hoy.es\/senderosextremadura\/wp-json\/wp\/v2\/posts\/2019\/revisions"}],"wp:attachment":[{"href":"https:\/\/blogs.hoy.es\/senderosextremadura\/wp-json\/wp\/v2\/media?parent=2019"}],"wp:term":[{"taxonomy":"category","embeddable":true,"href":"https:\/\/blogs.hoy.es\/senderosextremadura\/wp-json\/wp\/v2\/categories?post=2019"},{"taxonomy":"post_tag","embeddable":true,"href":"https:\/\/blogs.hoy.es\/senderosextremadura\/wp-json\/wp\/v2\/tags?post=2019"}],"curies":[{"name":"wp","href":"https:\/\/api.w.org\/{rel}","templated":true}]}}