{"id":2025,"date":"2013-09-21T08:51:53","date_gmt":"2013-09-21T08:51:53","guid":{"rendered":"http:\/\/blogs.hoy.es\/senderosextremadura\/?p=2025"},"modified":"2013-09-21T08:51:53","modified_gmt":"2013-09-21T08:51:53","slug":"ii-ruta-del-sotillo-6-de-octubre","status":"publish","type":"post","link":"https:\/\/blogs.hoy.es\/senderosextremadura\/2013\/09\/21\/ii-ruta-del-sotillo-6-de-octubre\/","title":{"rendered":"II Ruta por el monte de El Sotillo (6 de octubre)"},"content":{"rendered":"<div id=\"attachment_2027\" style=\"width: 610px\" class=\"wp-caption aligncenter\"><a href=\"https:\/\/blogs.hoy.es\/senderosextremadura\/2013\/09\/21\/ii-ruta-del-sotillo-6-de-octubre\/sotillo-2\/\" rel=\"attachment wp-att-2027\"><img aria-describedby=\"caption-attachment-2027\" loading=\"lazy\" class=\"size-large wp-image-2027\" title=\"Imagen de la edici\u00f3n 2012\" src=\"\/senderosextremadura\/wp-content\/uploads\/sites\/22\/2013\/09\/sotillo.jpg\" alt=\"Imagen de la edici\u00f3n 2012\" width=\"600\" height=\"450\" srcset=\"https:\/\/static-blogs.hoy.es\/wp-content\/uploads\/sites\/22\/2013\/09\/sotillo.jpg 760w, https:\/\/static-blogs.hoy.es\/wp-content\/uploads\/sites\/22\/2013\/09\/sotillo-300x225.jpg 300w, https:\/\/static-blogs.hoy.es\/wp-content\/uploads\/sites\/22\/2013\/09\/sotillo-600x450.jpg 600w\" sizes=\"(max-width: 600px) 100vw, 600px\" \/><\/a><p id=\"caption-attachment-2027\" class=\"wp-caption-text\">Imagen de la edici\u00f3n 2012<\/p><\/div>\n<p>Destino Siberia os invita a la <strong>II Ruta del Sotillo<\/strong> (<a href=\"http:\/\/www.hoy.es\/multimedia\/fotos\/regional\/120924-ruta-sotillo-fuenlabrada-montes-0.html\" rel=\"external nofollow\"><strong>Fotos de la primera edici\u00f3n<\/strong><\/a>) en <strong>Fuenlabrada de los Montes<\/strong>,\u00a0 por la <strong>Reserva Regional del Cijara<\/strong>. La marcha tendr\u00e1 lugar el <strong>domingo 6 de octubre<\/strong>. Se trata de una ruta apta para ni\u00f1os a partir de 8 a\u00f1os perteneciente a la Red de Senderos de La Siberia. Discurre, la mayor parte del recorrido, por el monte de utilidad p\u00fablica El Sotillo.<\/p>\n<p><!--more--><\/p>\n<p><strong>PROGRAMA<\/strong><br \/>\nHora de Salida 08.30 de la ma\u00f1ana<br \/>\nPunto de salida: Rotonda del Olivo<br \/>\nRuta circular de 25 kms. Dificultad media-baja<br \/>\nRuta alternativa (recorrido reducido 17 kms)<br \/>\nDesnivel: 175 mts<br \/>\nHorario aprox.: 5 horas<br \/>\nAntes de comenzar la ruta degustaremos un buen desayuno con dulces t\u00edpicos desde la 7.45 hasta las 8.30<br \/>\nLa inscripci\u00f3n incluye:<br \/>\n&#8211; Desayuno con dulces t\u00edpicos desde las 7.45 a 8.30<br \/>\n&#8211; Seguro de responsabilidad civil<br \/>\n&#8211; Naturaleza, aire puro, paisajes, fauna y con un poco de suerte disfrutaremos del espect\u00e1culo de la berrea<br \/>\n&#8211; Gu\u00edas de ruta<br \/>\n<strong>Inscripciones:<\/strong><br \/>\ndestinosiberia@destinosibe<wbr>ria.com<br \/>\nTel:661 522 660<br \/>\nPrecio 8 euros<br \/>\nAdem\u00e1s pod\u00e9is realizar la inscripci\u00f3n en los siguientes puntos:<br \/>\nNavalvillar de Pela: Liberia Sagitario (tienda de Juanpe)<br \/>\nFuenlabrada de los Montes: Mercer\u00eda Dori<br \/>\nHerrera del Duque: Peluquer\u00eda Henri<\/wbr><\/p>\n<!-- AddThis Advanced Settings generic via filter on the_content --><!-- AddThis Share Buttons generic via filter on the_content -->","protected":false},"excerpt":{"rendered":"<p>Destino Siberia os invita a la II Ruta del Sotillo (Fotos de la primera edici\u00f3n) en Fuenlabrada de los Montes,\u00a0 por la Reserva Regional del Cijara. La marcha tendr\u00e1 lugar el domingo 6 de octubre. Se trata de una ruta apta para ni\u00f1os a partir de 8 a\u00f1os perteneciente a la Red de Senderos de [&hellip;]<!-- AddThis Advanced Settings generic via filter on get_the_excerpt --><!-- AddThis Share Buttons generic via filter on get_the_excerpt --><\/p>\n","protected":false},"author":27,"featured_media":0,"comment_status":"open","ping_status":"closed","sticky":false,"template":"","format":"standard","meta":[],"categories":[4],"tags":[817,836,851,917,944,1035],"_links":{"self":[{"href":"https:\/\/blogs.hoy.es\/senderosextremadura\/wp-json\/wp\/v2\/posts\/2025"}],"collection":[{"href":"https:\/\/blogs.hoy.es\/senderosextremadura\/wp-json\/wp\/v2\/posts"}],"about":[{"href":"https:\/\/blogs.hoy.es\/senderosextremadura\/wp-json\/wp\/v2\/types\/post"}],"author":[{"embeddable":true,"href":"https:\/\/blogs.hoy.es\/senderosextremadura\/wp-json\/wp\/v2\/users\/27"}],"replies":[{"embeddable":true,"href":"https:\/\/blogs.hoy.es\/senderosextremadura\/wp-json\/wp\/v2\/comments?post=2025"}],"version-history":[{"count":0,"href":"https:\/\/blogs.hoy.es\/senderosextremadura\/wp-json\/wp\/v2\/posts\/2025\/revisions"}],"wp:attachment":[{"href":"https:\/\/blogs.hoy.es\/senderosextremadura\/wp-json\/wp\/v2\/media?parent=2025"}],"wp:term":[{"taxonomy":"category","embeddable":true,"href":"https:\/\/blogs.hoy.es\/senderosextremadura\/wp-json\/wp\/v2\/categories?post=2025"},{"taxonomy":"post_tag","embeddable":true,"href":"https:\/\/blogs.hoy.es\/senderosextremadura\/wp-json\/wp\/v2\/tags?post=2025"}],"curies":[{"name":"wp","href":"https:\/\/api.w.org\/{rel}","templated":true}]}}