{"id":2028,"date":"2013-09-21T09:03:04","date_gmt":"2013-09-21T09:03:04","guid":{"rendered":"http:\/\/blogs.hoy.es\/senderosextremadura\/?p=2028"},"modified":"2013-09-21T09:03:04","modified_gmt":"2013-09-21T09:03:04","slug":"14-kilometros-por-la-canada-real-sancha-brava-22-septiembre","status":"publish","type":"post","link":"https:\/\/blogs.hoy.es\/senderosextremadura\/2013\/09\/21\/14-kilometros-por-la-canada-real-sancha-brava-22-septiembre\/","title":{"rendered":"14 kil\u00f3metros por la Ca\u00f1ada Real Sancha Brava (22 septiembre)"},"content":{"rendered":"<p><a href=\"https:\/\/blogs.hoy.es\/senderosextremadura\/2013\/09\/21\/14-kilometros-por-la-canada-real-sancha-brava-22-septiembre\/canada-sancha\/\" rel=\"attachment wp-att-2029\"><img loading=\"lazy\" class=\"aligncenter size-large wp-image-2029\" title=\"\" src=\"\/senderosextremadura\/wp-content\/uploads\/sites\/22\/2013\/09\/canada-sancha.jpg\" alt=\"\" width=\"600\" height=\"450\" srcset=\"https:\/\/static-blogs.hoy.es\/wp-content\/uploads\/sites\/22\/2013\/09\/canada-sancha.jpg 1440w, https:\/\/static-blogs.hoy.es\/wp-content\/uploads\/sites\/22\/2013\/09\/canada-sancha-300x225.jpg 300w, https:\/\/static-blogs.hoy.es\/wp-content\/uploads\/sites\/22\/2013\/09\/canada-sancha-768x576.jpg 768w, https:\/\/static-blogs.hoy.es\/wp-content\/uploads\/sites\/22\/2013\/09\/canada-sancha-600x450.jpg 600w\" sizes=\"(max-width: 600px) 100vw, 600px\" \/><\/a><\/p>\n<p>Este domingo 22 hay ruta en Badajoz del Club del Caminante.\u00a0 La salida de la ruta de 14 kil\u00f3metros y dificultad baja se ha adelantado media hora por el calor que todav\u00eda nos acompa\u00f1a. Como siempre, la marcha arranca desde el Ancla.<\/p>\n<!-- AddThis Advanced Settings generic via filter on the_content --><!-- AddThis Share Buttons generic via filter on the_content -->","protected":false},"excerpt":{"rendered":"<p>Este domingo 22 hay ruta en Badajoz del Club del Caminante.\u00a0 La salida de la ruta de 14 kil\u00f3metros y dificultad baja se ha adelantado media hora por el calor que todav\u00eda nos acompa\u00f1a. Como siempre, la marcha arranca desde el Ancla.<!-- AddThis Advanced Settings generic via filter on get_the_excerpt --><!-- AddThis Share Buttons generic via filter on get_the_excerpt --><\/p>\n","protected":false},"author":27,"featured_media":0,"comment_status":"open","ping_status":"closed","sticky":false,"template":"","format":"standard","meta":[],"categories":[4],"tags":[],"_links":{"self":[{"href":"https:\/\/blogs.hoy.es\/senderosextremadura\/wp-json\/wp\/v2\/posts\/2028"}],"collection":[{"href":"https:\/\/blogs.hoy.es\/senderosextremadura\/wp-json\/wp\/v2\/posts"}],"about":[{"href":"https:\/\/blogs.hoy.es\/senderosextremadura\/wp-json\/wp\/v2\/types\/post"}],"author":[{"embeddable":true,"href":"https:\/\/blogs.hoy.es\/senderosextremadura\/wp-json\/wp\/v2\/users\/27"}],"replies":[{"embeddable":true,"href":"https:\/\/blogs.hoy.es\/senderosextremadura\/wp-json\/wp\/v2\/comments?post=2028"}],"version-history":[{"count":0,"href":"https:\/\/blogs.hoy.es\/senderosextremadura\/wp-json\/wp\/v2\/posts\/2028\/revisions"}],"wp:attachment":[{"href":"https:\/\/blogs.hoy.es\/senderosextremadura\/wp-json\/wp\/v2\/media?parent=2028"}],"wp:term":[{"taxonomy":"category","embeddable":true,"href":"https:\/\/blogs.hoy.es\/senderosextremadura\/wp-json\/wp\/v2\/categories?post=2028"},{"taxonomy":"post_tag","embeddable":true,"href":"https:\/\/blogs.hoy.es\/senderosextremadura\/wp-json\/wp\/v2\/tags?post=2028"}],"curies":[{"name":"wp","href":"https:\/\/api.w.org\/{rel}","templated":true}]}}