{"id":2034,"date":"2013-09-25T16:16:58","date_gmt":"2013-09-25T16:16:58","guid":{"rendered":"http:\/\/blogs.hoy.es\/senderosextremadura\/?p=2034"},"modified":"2013-09-25T16:16:58","modified_gmt":"2013-09-25T16:16:58","slug":"tras-los-pasos-de-alfonso-xiii-en-las-hurdes-27-de-octubre","status":"publish","type":"post","link":"https:\/\/blogs.hoy.es\/senderosextremadura\/2013\/09\/25\/tras-los-pasos-de-alfonso-xiii-en-las-hurdes-27-de-octubre\/","title":{"rendered":"Tras los pasos de Alfonso XIII en Las Hurdes (27 de octubre)"},"content":{"rendered":"<p><a href=\"https:\/\/blogs.hoy.es\/senderosextremadura\/2013\/09\/25\/tras-los-pasos-de-alfonso-xiii-en-las-hurdes-27-de-octubre\/ruta-senderismo-2\/\" rel=\"attachment wp-att-2035\"><img loading=\"lazy\" class=\"aligncenter size-large wp-image-2035\" title=\"\" src=\"\/senderosextremadura\/wp-content\/uploads\/sites\/22\/2013\/09\/ruta-senderismo.jpg\" alt=\"\" width=\"600\" height=\"386\" srcset=\"https:\/\/static-blogs.hoy.es\/wp-content\/uploads\/sites\/22\/2013\/09\/ruta-senderismo.jpg 1280w, https:\/\/static-blogs.hoy.es\/wp-content\/uploads\/sites\/22\/2013\/09\/ruta-senderismo-300x193.jpg 300w, https:\/\/static-blogs.hoy.es\/wp-content\/uploads\/sites\/22\/2013\/09\/ruta-senderismo-768x494.jpg 768w, https:\/\/static-blogs.hoy.es\/wp-content\/uploads\/sites\/22\/2013\/09\/ruta-senderismo-600x386.jpg 600w\" sizes=\"(max-width: 600px) 100vw, 600px\" \/><\/a><\/p>\n<p>El <strong>Ayuntamiento de Coria<\/strong> anuncia ya la sexta actividad senderista organizada por su Departamento de Deportes en 2013. Se trata de\u00a0 la famosa <strong>Ruta de Alfonso XIII<\/strong>, siguiendo los pasos del monarca por la comarca cacere\u00f1a de Las Hurdes. La marcha de 20 kil\u00f3metros tendr\u00e1 lugar el 27 de octubre, siendo la hora de salida a las 08:00 horas desde la Casa de Cultura de Coria. El precio para los federados ser\u00e1 de 7 euros, y de 10 para los no federados.\u00a0 Toda la informaci\u00f3n y datos para la inscripci\u00f3n los encontrar\u00e9is en <a href=\"http:\/\/deportescoria.blogspot.com.es\/\" rel=\"external nofollow\">http:\/\/deportescoria.blogspot.com <\/a><\/p>\n<!-- AddThis Advanced Settings generic via filter on the_content --><!-- AddThis Share Buttons generic via filter on the_content -->","protected":false},"excerpt":{"rendered":"<p>El Ayuntamiento de Coria anuncia ya la sexta actividad senderista organizada por su Departamento de Deportes en 2013. Se trata de\u00a0 la famosa Ruta de Alfonso XIII, siguiendo los pasos del monarca por la comarca cacere\u00f1a de Las Hurdes. La marcha de 20 kil\u00f3metros tendr\u00e1 lugar el 27 de octubre, siendo la hora de salida [&hellip;]<!-- AddThis Advanced Settings generic via filter on get_the_excerpt --><!-- AddThis Share Buttons generic via filter on get_the_excerpt --><\/p>\n","protected":false},"author":27,"featured_media":0,"comment_status":"open","ping_status":"closed","sticky":false,"template":"","format":"standard","meta":[],"categories":[4],"tags":[],"_links":{"self":[{"href":"https:\/\/blogs.hoy.es\/senderosextremadura\/wp-json\/wp\/v2\/posts\/2034"}],"collection":[{"href":"https:\/\/blogs.hoy.es\/senderosextremadura\/wp-json\/wp\/v2\/posts"}],"about":[{"href":"https:\/\/blogs.hoy.es\/senderosextremadura\/wp-json\/wp\/v2\/types\/post"}],"author":[{"embeddable":true,"href":"https:\/\/blogs.hoy.es\/senderosextremadura\/wp-json\/wp\/v2\/users\/27"}],"replies":[{"embeddable":true,"href":"https:\/\/blogs.hoy.es\/senderosextremadura\/wp-json\/wp\/v2\/comments?post=2034"}],"version-history":[{"count":0,"href":"https:\/\/blogs.hoy.es\/senderosextremadura\/wp-json\/wp\/v2\/posts\/2034\/revisions"}],"wp:attachment":[{"href":"https:\/\/blogs.hoy.es\/senderosextremadura\/wp-json\/wp\/v2\/media?parent=2034"}],"wp:term":[{"taxonomy":"category","embeddable":true,"href":"https:\/\/blogs.hoy.es\/senderosextremadura\/wp-json\/wp\/v2\/categories?post=2034"},{"taxonomy":"post_tag","embeddable":true,"href":"https:\/\/blogs.hoy.es\/senderosextremadura\/wp-json\/wp\/v2\/tags?post=2034"}],"curies":[{"name":"wp","href":"https:\/\/api.w.org\/{rel}","templated":true}]}}