{"id":2037,"date":"2013-09-25T17:18:56","date_gmt":"2013-09-25T17:18:56","guid":{"rendered":"http:\/\/blogs.hoy.es\/senderosextremadura\/?p=2037"},"modified":"2013-09-25T17:18:56","modified_gmt":"2013-09-25T17:18:56","slug":"ruta-de-los-dolmenes-29-de-septiembre","status":"publish","type":"post","link":"https:\/\/blogs.hoy.es\/senderosextremadura\/2013\/09\/25\/ruta-de-los-dolmenes-29-de-septiembre\/","title":{"rendered":"Ruta de los D\u00f3lmenes de San Vicente de Alc\u00e1ntara (29 de septiembre)"},"content":{"rendered":"<p><strong><a href=\"\/senderosextremadura\/wp-content\/uploads\/sites\/22\/2013\/09\/vicente.jpg\"><img loading=\"lazy\" class=\"aligncenter size-full wp-image-2039\" title=\"v\" src=\"\/senderosextremadura\/wp-content\/uploads\/sites\/22\/2013\/09\/vicente.jpg\" alt=\"\" width=\"647\" height=\"300\" srcset=\"https:\/\/static-blogs.hoy.es\/wp-content\/uploads\/sites\/22\/2013\/09\/vicente.jpg 647w, https:\/\/static-blogs.hoy.es\/wp-content\/uploads\/sites\/22\/2013\/09\/vicente-300x139.jpg 300w, https:\/\/static-blogs.hoy.es\/wp-content\/uploads\/sites\/22\/2013\/09\/vicente-600x278.jpg 600w\" sizes=\"(max-width: 647px) 100vw, 647px\" \/><\/a><\/strong><\/p>\n<p><strong>El Club del Caminante de Badajoz realizar\u00e1 este fin de semana la Ruta de los D\u00f3lmenes desde San Vicente de Alc\u00e1ntara. Se trata de un recorrido lineal de 15 kil\u00f3metros.<!--more-->DESCRIPCI\u00d3N DEL ENTORNO<\/strong><\/p>\n<p>&#8220;La Mancomunidad de la Sierra de San Pedro es uno de los focos m\u00e1s importantes del megalitismo espa\u00f1ol siendo Las Rutas de los D\u00f3lmenes uno de los mayores atractivos tur\u00edsticos. Son m\u00e1s de 40 los d\u00f3lmenes que han llegado hasta nosotros pertenecientes a los per\u00edodos Neol\u00edtico y Calcol\u00edtico. Se trata de monumentos funerarios donde los difuntos eran enterrados, de forma individual o colectiva, siguiendo el rito de la inhumaci\u00f3n. Junto a ellos, en las c\u00e1maras del dolmen, se colocaba el ajuar que le acompa\u00f1ar\u00eda en su vida del m\u00e1s all\u00e1. El material empleado es el granito aunque podemos encontrar d\u00f3lmenes realizados en pizarra. Por lo que se refiere a su estructura existen los de c\u00e1mara simple, de c\u00e1mara con corredor largo o de c\u00e1mara con corredor corto. Los materiales encontrados en ellos van desde la industria tallada (puntas triangulares, l\u00e1minas, raspadores), adornos (cuentas de collar y colgantes) y cer\u00e1micas hasta \u00eddolos de car\u00e1cter antropom\u00f3rfico&#8221;.<\/p>\n<p><strong>M\u00e1s informaci\u00f3n en <\/strong><\/p>\n<p><a href=\"http:\/\/www.clubcaminantebadajoz.com\/\" rel=\"external nofollow\"><strong>http:\/\/www.clubcaminantebadajoz.com\/<\/strong><\/a><strong><\/strong><\/p>\n<!-- AddThis Advanced Settings generic via filter on the_content --><!-- AddThis Share Buttons generic via filter on the_content -->","protected":false},"excerpt":{"rendered":"<p>El Club del Caminante de Badajoz realizar\u00e1 este fin de semana la Ruta de los D\u00f3lmenes desde San Vicente de Alc\u00e1ntara. Se trata de un recorrido lineal de 15 kil\u00f3metros.<!-- AddThis Advanced Settings generic via filter on get_the_excerpt --><!-- AddThis Share Buttons generic via filter on get_the_excerpt --><\/p>\n","protected":false},"author":3,"featured_media":0,"comment_status":"open","ping_status":"closed","sticky":false,"template":"","format":"standard","meta":[],"categories":[4],"tags":[301,873,906,1035],"_links":{"self":[{"href":"https:\/\/blogs.hoy.es\/senderosextremadura\/wp-json\/wp\/v2\/posts\/2037"}],"collection":[{"href":"https:\/\/blogs.hoy.es\/senderosextremadura\/wp-json\/wp\/v2\/posts"}],"about":[{"href":"https:\/\/blogs.hoy.es\/senderosextremadura\/wp-json\/wp\/v2\/types\/post"}],"author":[{"embeddable":true,"href":"https:\/\/blogs.hoy.es\/senderosextremadura\/wp-json\/wp\/v2\/users\/3"}],"replies":[{"embeddable":true,"href":"https:\/\/blogs.hoy.es\/senderosextremadura\/wp-json\/wp\/v2\/comments?post=2037"}],"version-history":[{"count":0,"href":"https:\/\/blogs.hoy.es\/senderosextremadura\/wp-json\/wp\/v2\/posts\/2037\/revisions"}],"wp:attachment":[{"href":"https:\/\/blogs.hoy.es\/senderosextremadura\/wp-json\/wp\/v2\/media?parent=2037"}],"wp:term":[{"taxonomy":"category","embeddable":true,"href":"https:\/\/blogs.hoy.es\/senderosextremadura\/wp-json\/wp\/v2\/categories?post=2037"},{"taxonomy":"post_tag","embeddable":true,"href":"https:\/\/blogs.hoy.es\/senderosextremadura\/wp-json\/wp\/v2\/tags?post=2037"}],"curies":[{"name":"wp","href":"https:\/\/api.w.org\/{rel}","templated":true}]}}