{"id":204,"date":"2012-03-14T11:30:32","date_gmt":"2012-03-14T11:30:32","guid":{"rendered":"http:\/\/blogs.hoy.es\/senderosextremadura\/?p=204"},"modified":"2012-03-14T11:30:32","modified_gmt":"2012-03-14T11:30:32","slug":"ruta-senderista-gata-janona-gata-dia-25-de-marzo","status":"publish","type":"post","link":"https:\/\/blogs.hoy.es\/senderosextremadura\/2012\/03\/14\/ruta-senderista-gata-janona-gata-dia-25-de-marzo\/","title":{"rendered":"Ruta Gata-Ja\u00f1ona-Gata (d\u00eda 25 de marzo)"},"content":{"rendered":"<h2>La <strong>asociaci\u00f3n de monta\u00f1a X\u00e1lima<\/strong> de Moraleja llevar\u00e1 a cabo una ruta de senderismo que saldr\u00e1 de Gata a Ja\u00f1ona y finalizar\u00e1 de nuevo en Gata. Se celebrar\u00e1 el pr\u00f3ximo domingo d\u00eda 25 de marzo.<\/h2>\n<h2>Con un desnivel de700 metros, dificultad media y una longitud de 14 kil\u00f3metros, durar\u00e1 unas seis horas.<\/h2>\n<h2>Las inscripciones se realizar\u00e1n en lencer\u00eda Maxi Solana, siendo la fecha l\u00edmite de inscripci\u00f3n el pr\u00f3ximo viernes d\u00eda 22 de marzo.<\/h2>\n<h2>El precio para los socios ser\u00e1 de 6 euros, y para los no socios de 10 euros. Los federados pagar\u00e1n 2 euros menos.\u00a0Colaboran la Concejal\u00eda de Deportes y el patronato municipal del Ayuntamiento de Moraleja.<\/h2>\n<!-- AddThis Advanced Settings generic via filter on the_content --><!-- AddThis Share Buttons generic via filter on the_content -->","protected":false},"excerpt":{"rendered":"<p>La asociaci\u00f3n de monta\u00f1a X\u00e1lima de Moraleja llevar\u00e1 a cabo una ruta de senderismo que saldr\u00e1 de Gata a Ja\u00f1ona y finalizar\u00e1 de nuevo en Gata. Se celebrar\u00e1 el pr\u00f3ximo domingo d\u00eda 25 de marzo. Con un desnivel de700 metros, dificultad media y una longitud de 14 kil\u00f3metros, durar\u00e1 unas seis horas. Las inscripciones se [&hellip;]<!-- AddThis Advanced Settings generic via filter on get_the_excerpt --><!-- AddThis Share Buttons generic via filter on get_the_excerpt --><\/p>\n","protected":false},"author":27,"featured_media":0,"comment_status":"open","ping_status":"closed","sticky":false,"template":"","format":"standard","meta":[],"categories":[4],"tags":[348,414,538,1109],"_links":{"self":[{"href":"https:\/\/blogs.hoy.es\/senderosextremadura\/wp-json\/wp\/v2\/posts\/204"}],"collection":[{"href":"https:\/\/blogs.hoy.es\/senderosextremadura\/wp-json\/wp\/v2\/posts"}],"about":[{"href":"https:\/\/blogs.hoy.es\/senderosextremadura\/wp-json\/wp\/v2\/types\/post"}],"author":[{"embeddable":true,"href":"https:\/\/blogs.hoy.es\/senderosextremadura\/wp-json\/wp\/v2\/users\/27"}],"replies":[{"embeddable":true,"href":"https:\/\/blogs.hoy.es\/senderosextremadura\/wp-json\/wp\/v2\/comments?post=204"}],"version-history":[{"count":0,"href":"https:\/\/blogs.hoy.es\/senderosextremadura\/wp-json\/wp\/v2\/posts\/204\/revisions"}],"wp:attachment":[{"href":"https:\/\/blogs.hoy.es\/senderosextremadura\/wp-json\/wp\/v2\/media?parent=204"}],"wp:term":[{"taxonomy":"category","embeddable":true,"href":"https:\/\/blogs.hoy.es\/senderosextremadura\/wp-json\/wp\/v2\/categories?post=204"},{"taxonomy":"post_tag","embeddable":true,"href":"https:\/\/blogs.hoy.es\/senderosextremadura\/wp-json\/wp\/v2\/tags?post=204"}],"curies":[{"name":"wp","href":"https:\/\/api.w.org\/{rel}","templated":true}]}}