{"id":2056,"date":"2013-10-01T11:40:50","date_gmt":"2013-10-01T11:40:50","guid":{"rendered":"http:\/\/blogs.hoy.es\/senderosextremadura\/?p=2056"},"modified":"2013-10-01T11:40:50","modified_gmt":"2013-10-01T11:40:50","slug":"ruta-por-los-encantos-de-alange-6-de-octubre","status":"publish","type":"post","link":"https:\/\/blogs.hoy.es\/senderosextremadura\/2013\/10\/01\/ruta-por-los-encantos-de-alange-6-de-octubre\/","title":{"rendered":"Ruta por los encantos de Alange (6 de octubre)"},"content":{"rendered":"<p>La <strong>Asociaci\u00f3n Pata del Buey<\/strong> organiza pra el pr\u00f3ximo fin de semana la <strong><a href=\"http:\/\/www.hoy.es\/multimedia\/fotos\/ultimos\/107879-ruta-encantos-alange-0.html\" rel=\"external nofollow\">Ruta Los encantos de Alange (FOTOS)<\/a>, <\/strong>tendr\u00e1 lugar el pr\u00f3ximo 6 de octubre. La salida de la marcha, dividida en dos tramos, tendr\u00e1 lugar en la fuente monumento dedicada al agua, a las diez de la ma\u00f1ana. Si quieres participar contacta con el club en patadelbuey@hotmail.com o en el 675621738<br \/>\n<strong><a href=\"http:\/\/www.hoy.es\/multimedia\/fotos\/ultimos\/107879-ruta-encantos-alange-0.html\" rel=\"external nofollow\">VER TODAS LAS FOTOS DE LA RUTA CELEBRADA EN 2012<\/a><br \/>\n<\/strong><\/p>\n<p><a href=\"\/senderosextremadura\/wp-content\/uploads\/sites\/22\/2013\/10\/alange_n.jpg\"><img loading=\"lazy\" class=\"aligncenter size-large wp-image-2057\" title=\"\" src=\"\/senderosextremadura\/wp-content\/uploads\/sites\/22\/2013\/10\/alange_n.jpg\" alt=\"\" width=\"600\" height=\"848\" srcset=\"https:\/\/static-blogs.hoy.es\/wp-content\/uploads\/sites\/22\/2013\/10\/alange_n.jpg 679w, https:\/\/static-blogs.hoy.es\/wp-content\/uploads\/sites\/22\/2013\/10\/alange_n-212x300.jpg 212w, https:\/\/static-blogs.hoy.es\/wp-content\/uploads\/sites\/22\/2013\/10\/alange_n-600x848.jpg 600w\" sizes=\"(max-width: 600px) 100vw, 600px\" \/><\/a><\/p>\n<!-- AddThis Advanced Settings generic via filter on the_content --><!-- AddThis Share Buttons generic via filter on the_content -->","protected":false},"excerpt":{"rendered":"<p>La Asociaci\u00f3n Pata del Buey organiza pra el pr\u00f3ximo fin de semana la Ruta Los encantos de Alange (FOTOS), tendr\u00e1 lugar el pr\u00f3ximo 6 de octubre. La salida de la marcha, dividida en dos tramos, tendr\u00e1 lugar en la fuente monumento dedicada al agua, a las diez de la ma\u00f1ana. Si quieres participar contacta con [&hellip;]<!-- AddThis Advanced Settings generic via filter on get_the_excerpt --><!-- AddThis Share Buttons generic via filter on get_the_excerpt --><\/p>\n","protected":false},"author":3,"featured_media":0,"comment_status":"open","ping_status":"closed","sticky":false,"template":"","format":"standard","meta":[],"categories":[4],"tags":[20,283,301,480,944,957,1035],"_links":{"self":[{"href":"https:\/\/blogs.hoy.es\/senderosextremadura\/wp-json\/wp\/v2\/posts\/2056"}],"collection":[{"href":"https:\/\/blogs.hoy.es\/senderosextremadura\/wp-json\/wp\/v2\/posts"}],"about":[{"href":"https:\/\/blogs.hoy.es\/senderosextremadura\/wp-json\/wp\/v2\/types\/post"}],"author":[{"embeddable":true,"href":"https:\/\/blogs.hoy.es\/senderosextremadura\/wp-json\/wp\/v2\/users\/3"}],"replies":[{"embeddable":true,"href":"https:\/\/blogs.hoy.es\/senderosextremadura\/wp-json\/wp\/v2\/comments?post=2056"}],"version-history":[{"count":0,"href":"https:\/\/blogs.hoy.es\/senderosextremadura\/wp-json\/wp\/v2\/posts\/2056\/revisions"}],"wp:attachment":[{"href":"https:\/\/blogs.hoy.es\/senderosextremadura\/wp-json\/wp\/v2\/media?parent=2056"}],"wp:term":[{"taxonomy":"category","embeddable":true,"href":"https:\/\/blogs.hoy.es\/senderosextremadura\/wp-json\/wp\/v2\/categories?post=2056"},{"taxonomy":"post_tag","embeddable":true,"href":"https:\/\/blogs.hoy.es\/senderosextremadura\/wp-json\/wp\/v2\/tags?post=2056"}],"curies":[{"name":"wp","href":"https:\/\/api.w.org\/{rel}","templated":true}]}}