{"id":2065,"date":"2013-10-08T16:30:47","date_gmt":"2013-10-08T16:30:47","guid":{"rendered":"http:\/\/blogs.hoy.es\/senderosextremadura\/?p=2065"},"modified":"2013-10-08T16:30:47","modified_gmt":"2013-10-08T16:30:47","slug":"ii-concentracion-senderista-maimona-20-de-octubre","status":"publish","type":"post","link":"https:\/\/blogs.hoy.es\/senderosextremadura\/2013\/10\/08\/ii-concentracion-senderista-maimona-20-de-octubre\/","title":{"rendered":"II Concentraci\u00f3n Senderista Maimona (20 de octubre)"},"content":{"rendered":"<div>\n<p><a href=\"https:\/\/blogs.hoy.es\/senderosextremadura\/2013\/10\/08\/ii-concentracion-senderista-maimona-20-de-octubre\/maimonaon\/\" rel=\"attachment wp-att-2066\"><img loading=\"lazy\" class=\"alignright  wp-image-2066\" title=\"\" src=\"\/senderosextremadura\/wp-content\/uploads\/sites\/22\/2013\/10\/maimonaON.jpg\" alt=\"\" width=\"428\" height=\"592\" srcset=\"https:\/\/static-blogs.hoy.es\/wp-content\/uploads\/sites\/22\/2013\/10\/maimonaON.jpg 810w, https:\/\/static-blogs.hoy.es\/wp-content\/uploads\/sites\/22\/2013\/10\/maimonaON-217x300.jpg 217w, https:\/\/static-blogs.hoy.es\/wp-content\/uploads\/sites\/22\/2013\/10\/maimonaON-768x1063.jpg 768w, https:\/\/static-blogs.hoy.es\/wp-content\/uploads\/sites\/22\/2013\/10\/maimonaON-600x830.jpg 600w\" sizes=\"(max-width: 428px) 100vw, 428px\" \/><\/a>La <strong>Asociaci\u00f3n Senderista Cultural &#8216;La Verea<\/strong>&#8216; ha organizado la<strong> II Concentraci\u00f3n Senderista Maimona<\/strong>. La famos a Ruta de Las Tres Sierras es circular y tiene\u00a0 una distancia de 19,5 Km. La dificultad es\u00a0 media-alta, por lo que se requiere una condici\u00f3n f\u00edsica aceptable. En el <strong>km 9 habr\u00e1 un avituallamient<\/strong>o donde se dar\u00e1 agua y fruta a los participantes.<\/p>\n<p>Como novedad,\u00a0 en esta edici\u00f3n se ha incluido una ruta alternativa a los 14 Km la cual hace la ruta m\u00e1s asequible acortando la ruta a 18 Km en total&#8230; Al final tendremos una garbanzada para todos los participantes y con m\u00fasica para amenizar la comida.<\/p>\n<p>La <strong>cuota de inscripci\u00f3n es de 2 euros<\/strong> que habr\u00e1 que ingresar en la cuenta\u00a0<strong>3001.0020.51.2020011481\u00a0de Caja Almendralejo<\/strong> en concepto de &#8220;Inscripci\u00f3n en 2\u00aa Concentraci\u00f3n Senderista Maimona&#8221; debiendo figurar claramente el nombre de la persona o personas inscritas y Asociaci\u00f3n a la que pertenece.<\/p>\n<p>El periodo de inscripci\u00f3n obligatorio es antes del 16 de octubre, para ello todos los interesados deben rellenar el formulario disponible en la web de la Asociaci\u00f3n Senderista <a href=\"http:\/\/www.badajoz.org\/laverea\" rel=\"external nofollow\">www.badajoz.org\/laverea<\/a><\/p>\n<p>La ruta comenzar\u00e1 a las 9 horas en la plaza de Vistahermosa. Entre las 8:15 horas y las 8:45 h se har\u00e1 entrega de las tarjetas de control.<\/p>\n<p>Para cualquier duda o aclaraci\u00f3n no duden en ponerse en contacto con nosotros a trav\u00e9s de siguientes medios: <strong><a href=\"mailto:senderismolossantos@gmail.com\">senderismolossantos@gmail.com<\/a><\/strong>\u00a0o los tlfs.\u00a0609406708 &#8211; 635543378&#8243;<\/p>\n<\/div>\n<!-- AddThis Advanced Settings generic via filter on the_content --><!-- AddThis Share Buttons generic via filter on the_content -->","protected":false},"excerpt":{"rendered":"<p>La Asociaci\u00f3n Senderista Cultural &#8216;La Verea&#8216; ha organizado la II Concentraci\u00f3n Senderista Maimona. La famos a Ruta de Las Tres Sierras es circular y tiene\u00a0 una distancia de 19,5 Km. La dificultad es\u00a0 media-alta, por lo que se requiere una condici\u00f3n f\u00edsica aceptable. En el km 9 habr\u00e1 un avituallamiento donde se dar\u00e1 agua y [&hellip;]<!-- AddThis Advanced Settings generic via filter on get_the_excerpt --><!-- AddThis Share Buttons generic via filter on get_the_excerpt --><\/p>\n","protected":false},"author":27,"featured_media":0,"comment_status":"open","ping_status":"closed","sticky":false,"template":"","format":"standard","meta":[],"categories":[4],"tags":[233,458,796,817,836],"_links":{"self":[{"href":"https:\/\/blogs.hoy.es\/senderosextremadura\/wp-json\/wp\/v2\/posts\/2065"}],"collection":[{"href":"https:\/\/blogs.hoy.es\/senderosextremadura\/wp-json\/wp\/v2\/posts"}],"about":[{"href":"https:\/\/blogs.hoy.es\/senderosextremadura\/wp-json\/wp\/v2\/types\/post"}],"author":[{"embeddable":true,"href":"https:\/\/blogs.hoy.es\/senderosextremadura\/wp-json\/wp\/v2\/users\/27"}],"replies":[{"embeddable":true,"href":"https:\/\/blogs.hoy.es\/senderosextremadura\/wp-json\/wp\/v2\/comments?post=2065"}],"version-history":[{"count":0,"href":"https:\/\/blogs.hoy.es\/senderosextremadura\/wp-json\/wp\/v2\/posts\/2065\/revisions"}],"wp:attachment":[{"href":"https:\/\/blogs.hoy.es\/senderosextremadura\/wp-json\/wp\/v2\/media?parent=2065"}],"wp:term":[{"taxonomy":"category","embeddable":true,"href":"https:\/\/blogs.hoy.es\/senderosextremadura\/wp-json\/wp\/v2\/categories?post=2065"},{"taxonomy":"post_tag","embeddable":true,"href":"https:\/\/blogs.hoy.es\/senderosextremadura\/wp-json\/wp\/v2\/tags?post=2065"}],"curies":[{"name":"wp","href":"https:\/\/api.w.org\/{rel}","templated":true}]}}