{"id":2073,"date":"2013-10-09T08:13:59","date_gmt":"2013-10-09T08:13:59","guid":{"rendered":"http:\/\/blogs.hoy.es\/senderosextremadura\/?p=2073"},"modified":"2013-10-09T08:13:59","modified_gmt":"2013-10-09T08:13:59","slug":"el-club-del-caminante-se-adentra-en-las-batuecas-12-y-13-de-octubre","status":"publish","type":"post","link":"https:\/\/blogs.hoy.es\/senderosextremadura\/2013\/10\/09\/el-club-del-caminante-se-adentra-en-las-batuecas-12-y-13-de-octubre\/","title":{"rendered":"El Club del Caminante se adentra en Las Batuecas (12 y 13 de octubre)"},"content":{"rendered":"<p><a href=\"https:\/\/blogs.hoy.es\/senderosextremadura\/2013\/10\/09\/el-club-del-caminante-se-adentra-en-las-batuecas-12-y-13-de-octubre\/2013_10_12_batuecas\/\" rel=\"attachment wp-att-2074\"><img loading=\"lazy\" class=\"aligncenter size-large wp-image-2074\" title=\"\" src=\"\/senderosextremadura\/wp-content\/uploads\/sites\/22\/2013\/10\/2013_10_12_Batuecas.jpg\" alt=\"\" width=\"600\" height=\"450\" srcset=\"https:\/\/static-blogs.hoy.es\/wp-content\/uploads\/sites\/22\/2013\/10\/2013_10_12_Batuecas.jpg 1440w, https:\/\/static-blogs.hoy.es\/wp-content\/uploads\/sites\/22\/2013\/10\/2013_10_12_Batuecas-300x225.jpg 300w, https:\/\/static-blogs.hoy.es\/wp-content\/uploads\/sites\/22\/2013\/10\/2013_10_12_Batuecas-768x576.jpg 768w, https:\/\/static-blogs.hoy.es\/wp-content\/uploads\/sites\/22\/2013\/10\/2013_10_12_Batuecas-600x450.jpg 600w\" sizes=\"(max-width: 600px) 100vw, 600px\" \/><\/a><\/p>\n<p>El <a href=\"http:\/\/www.clubcaminantebadajoz.com\/\" rel=\"external nofollow\"><strong>Club del Caminante de Badajoz<\/strong> <\/a>se desplaza este fin de semana hasta <strong>Las Batuecas<\/strong>, la\u00a0 zona de Salamanca que linda con Las Hurdes extreme\u00f1as. Son muchos los atractivos tanto paisaj\u00edsticos como art\u00edsticos que encontramos en el valle. La localidad de <strong>La Alberca<\/strong> fue declarada\u00a0 <strong>Conjunto Hist\u00f3rico Art\u00edstico<\/strong> en 1940. Es un pueblo en el que se nota la influencia \u00e1rabe en sus calles sinuosas y estrechas en torno a su iglesia parroquial. En la Pe\u00f1a de Francia (1.723 metros) encontramos el convento, hospeder\u00eda e iglesia de los Dominicos, donde se venera a la Virgen de la Pe\u00f1a de Francia.<\/p>\n<!-- AddThis Advanced Settings generic via filter on the_content --><!-- AddThis Share Buttons generic via filter on the_content -->","protected":false},"excerpt":{"rendered":"<p>El Club del Caminante de Badajoz se desplaza este fin de semana hasta Las Batuecas, la\u00a0 zona de Salamanca que linda con Las Hurdes extreme\u00f1as. Son muchos los atractivos tanto paisaj\u00edsticos como art\u00edsticos que encontramos en el valle. La localidad de La Alberca fue declarada\u00a0 Conjunto Hist\u00f3rico Art\u00edstico en 1940. Es un pueblo en el [&hellip;]<!-- AddThis Advanced Settings generic via filter on get_the_excerpt --><!-- AddThis Share Buttons generic via filter on get_the_excerpt --><\/p>\n","protected":false},"author":27,"featured_media":0,"comment_status":"open","ping_status":"closed","sticky":false,"template":"","format":"standard","meta":[],"categories":[4],"tags":[443,717,772,865,873,906,1035],"_links":{"self":[{"href":"https:\/\/blogs.hoy.es\/senderosextremadura\/wp-json\/wp\/v2\/posts\/2073"}],"collection":[{"href":"https:\/\/blogs.hoy.es\/senderosextremadura\/wp-json\/wp\/v2\/posts"}],"about":[{"href":"https:\/\/blogs.hoy.es\/senderosextremadura\/wp-json\/wp\/v2\/types\/post"}],"author":[{"embeddable":true,"href":"https:\/\/blogs.hoy.es\/senderosextremadura\/wp-json\/wp\/v2\/users\/27"}],"replies":[{"embeddable":true,"href":"https:\/\/blogs.hoy.es\/senderosextremadura\/wp-json\/wp\/v2\/comments?post=2073"}],"version-history":[{"count":0,"href":"https:\/\/blogs.hoy.es\/senderosextremadura\/wp-json\/wp\/v2\/posts\/2073\/revisions"}],"wp:attachment":[{"href":"https:\/\/blogs.hoy.es\/senderosextremadura\/wp-json\/wp\/v2\/media?parent=2073"}],"wp:term":[{"taxonomy":"category","embeddable":true,"href":"https:\/\/blogs.hoy.es\/senderosextremadura\/wp-json\/wp\/v2\/categories?post=2073"},{"taxonomy":"post_tag","embeddable":true,"href":"https:\/\/blogs.hoy.es\/senderosextremadura\/wp-json\/wp\/v2\/tags?post=2073"}],"curies":[{"name":"wp","href":"https:\/\/api.w.org\/{rel}","templated":true}]}}