{"id":2082,"date":"2013-10-11T12:06:03","date_gmt":"2013-10-11T12:06:03","guid":{"rendered":"http:\/\/blogs.hoy.es\/senderosextremadura\/?p=2082"},"modified":"2013-10-11T12:06:03","modified_gmt":"2013-10-11T12:06:03","slug":"ruta-de-los-castanares-20-de-octubre","status":"publish","type":"post","link":"https:\/\/blogs.hoy.es\/senderosextremadura\/2013\/10\/11\/ruta-de-los-castanares-20-de-octubre\/","title":{"rendered":"Ruta de los Casta\u00f1ares (20 de octubre)"},"content":{"rendered":"<p><a href=\"https:\/\/blogs.hoy.es\/senderosextremadura\/2013\/10\/11\/ruta-de-los-castanares-20-de-octubre\/castanares8_n\/\" rel=\"attachment wp-att-2085\"><img loading=\"lazy\" class=\"aligncenter  wp-image-2085\" title=\"\" src=\"\/senderosextremadura\/wp-content\/uploads\/sites\/22\/2013\/10\/castanares8_n.jpg\" alt=\"\" width=\"562\" height=\"749\" srcset=\"https:\/\/static-blogs.hoy.es\/wp-content\/uploads\/sites\/22\/2013\/10\/castanares8_n.jpg 600w, https:\/\/static-blogs.hoy.es\/wp-content\/uploads\/sites\/22\/2013\/10\/castanares8_n-225x300.jpg 225w\" sizes=\"(max-width: 562px) 100vw, 562px\" \/><\/a><\/p>\n<p>Vuelven las rutas de <strong>Asociaci\u00f3n Geogr\u00e1fica<\/strong> con una marcha por el Parque Natural Sierra de Aracena y los Picos de Aroche. La salida en autob\u00fas tendr\u00e1 lugar el <strong>20 de octubre desde Badajoz<\/strong>. El precio de inscripcci\u00f3n es de 20 euros.<\/p>\n<p>&nbsp;<\/p>\n<p>M\u00e1s informaci\u00f3n en infogeografica@gmail.com o en el 924278561<\/p>\n<p>Puedes ver todos los detalles en la <a href=\"http:\/\/www.asociaciongeografica.com\/\" rel=\"external nofollow\"><strong>web de Geogr\u00e1fica.<\/strong><\/a><\/p>\n<p>&nbsp;<\/p>\n<p>&nbsp;<\/p>\n<p>&nbsp;<\/p>\n<!-- AddThis Advanced Settings generic via filter on the_content --><!-- AddThis Share Buttons generic via filter on the_content -->","protected":false},"excerpt":{"rendered":"<p>Vuelven las rutas de Asociaci\u00f3n Geogr\u00e1fica con una marcha por el Parque Natural Sierra de Aracena y los Picos de Aroche. La salida en autob\u00fas tendr\u00e1 lugar el 20 de octubre desde Badajoz. El precio de inscripcci\u00f3n es de 20 euros. &nbsp; M\u00e1s informaci\u00f3n en infogeografica@gmail.com o en el 924278561 Puedes ver todos los detalles [&hellip;]<!-- AddThis Advanced Settings generic via filter on get_the_excerpt --><!-- AddThis Share Buttons generic via filter on get_the_excerpt --><\/p>\n","protected":false},"author":27,"featured_media":0,"comment_status":"open","ping_status":"closed","sticky":false,"template":"","format":"standard","meta":[],"categories":[4],"tags":[56,631],"_links":{"self":[{"href":"https:\/\/blogs.hoy.es\/senderosextremadura\/wp-json\/wp\/v2\/posts\/2082"}],"collection":[{"href":"https:\/\/blogs.hoy.es\/senderosextremadura\/wp-json\/wp\/v2\/posts"}],"about":[{"href":"https:\/\/blogs.hoy.es\/senderosextremadura\/wp-json\/wp\/v2\/types\/post"}],"author":[{"embeddable":true,"href":"https:\/\/blogs.hoy.es\/senderosextremadura\/wp-json\/wp\/v2\/users\/27"}],"replies":[{"embeddable":true,"href":"https:\/\/blogs.hoy.es\/senderosextremadura\/wp-json\/wp\/v2\/comments?post=2082"}],"version-history":[{"count":0,"href":"https:\/\/blogs.hoy.es\/senderosextremadura\/wp-json\/wp\/v2\/posts\/2082\/revisions"}],"wp:attachment":[{"href":"https:\/\/blogs.hoy.es\/senderosextremadura\/wp-json\/wp\/v2\/media?parent=2082"}],"wp:term":[{"taxonomy":"category","embeddable":true,"href":"https:\/\/blogs.hoy.es\/senderosextremadura\/wp-json\/wp\/v2\/categories?post=2082"},{"taxonomy":"post_tag","embeddable":true,"href":"https:\/\/blogs.hoy.es\/senderosextremadura\/wp-json\/wp\/v2\/tags?post=2082"}],"curies":[{"name":"wp","href":"https:\/\/api.w.org\/{rel}","templated":true}]}}