{"id":2086,"date":"2013-10-14T15:26:01","date_gmt":"2013-10-14T15:26:01","guid":{"rendered":"http:\/\/blogs.hoy.es\/senderosextremadura\/?p=2086"},"modified":"2013-10-14T15:26:01","modified_gmt":"2013-10-14T15:26:01","slug":"ruta-por-el-acueducto-de-las-herrerias-27-de-octubre","status":"publish","type":"post","link":"https:\/\/blogs.hoy.es\/senderosextremadura\/2013\/10\/14\/ruta-por-el-acueducto-de-las-herrerias-27-de-octubre\/","title":{"rendered":"Ruta por el Acueducto de las Herrer\u00edas (27 de octubre)"},"content":{"rendered":"<div id=\"attachment_2087\" style=\"width: 610px\" class=\"wp-caption aligncenter\"><a href=\"https:\/\/blogs.hoy.es\/senderosextremadura\/2013\/10\/14\/ruta-por-el-acueducto-de-las-herrerias-27-de-octubre\/acueducto-p-marquez-2\/\" rel=\"attachment wp-att-2087\"><img aria-describedby=\"caption-attachment-2087\" loading=\"lazy\" class=\"size-large wp-image-2087\" title=\"Acueducto:: P. Marquez\" src=\"\/senderosextremadura\/wp-content\/uploads\/sites\/22\/2013\/10\/Acueducto-P.-Marquez.jpg\" alt=\"Acueducto:: P. Marquez\" width=\"600\" height=\"488\" srcset=\"https:\/\/static-blogs.hoy.es\/wp-content\/uploads\/sites\/22\/2013\/10\/Acueducto-P.-Marquez.jpg 960w, https:\/\/static-blogs.hoy.es\/wp-content\/uploads\/sites\/22\/2013\/10\/Acueducto-P.-Marquez-300x244.jpg 300w, https:\/\/static-blogs.hoy.es\/wp-content\/uploads\/sites\/22\/2013\/10\/Acueducto-P.-Marquez-768x626.jpg 768w, https:\/\/static-blogs.hoy.es\/wp-content\/uploads\/sites\/22\/2013\/10\/Acueducto-P.-Marquez-600x489.jpg 600w\" sizes=\"(max-width: 600px) 100vw, 600px\" \/><\/a><p id=\"caption-attachment-2087\" class=\"wp-caption-text\">Acueducto:: P. Marquez<\/p><\/div>\n<p><a href=\"http:\/\/www.hoy.es\/multimedia\/fotos\/regional\/20130930\/ruta-acueducto-herrerias-3062220869175-mm.html\" rel=\"external nofollow\"><strong>VER GALER\u00cdA DE FOTOS<\/strong><\/a><\/p>\n<p>&nbsp;<\/p>\n<p>Si hace unas semanas os habl\u00e1bamos de la ruta por el\u00a0<strong><a href=\"https:\/\/blogs.hoy.es\/senderosextremadura\/2013\/09\/30\/ruta-al-acueducto-de-las-herrerias-cronica\/\"> impresionante Acueducto de Las Herrer\u00edas<\/a>,<\/strong> en Campillo de Deleitosa, ahora ten\u00e9is la oportunidad de realizar esta marcha con el<strong> Club del Caminante de Badajoz<\/strong>. El aliciente principal de esta ruta que se celebrar\u00e1 el <strong>27 de octubre<\/strong> es conocer una <strong>infraestructura hidr\u00e1ulica abandonada<\/strong> que daba servicio a tres centrales el\u00e9ctricas y a una antigua herrer\u00eda.<!--more--><\/p>\n<p>Se trata de un canal de unos 7 kil\u00f3metros y su funcionamiento data del a\u00f1o 1950 aproximadamente. Permiti\u00f3 al pueblo disponer de luz el\u00e9ctrica cuando los municipios\u00a0 de los alrededores no la disfrutaban. El canal tiene un metro y medio de alto por otro de ancho, aunque en algunos tramos llega a ser de 2 m. de ancho. Est\u00e1 construido en pizarra con un mortero bastardo de arena y cal.<\/p>\n<p>&nbsp;<\/p>\n<p>Salida desde El Ancla de Badajoz a las 07:00 del 27\/10\/2013<br \/>\nRuta circular. La marcha empieza en Campillo de Deleitosa y termina en el mismo lugar.<\/p>\n<p>La dificultad es media-baja.<\/p>\n<p>Distancia: 14,5 kim.<\/p>\n<p>Duraci\u00f3n: 5 horas<\/p>\n<p>&nbsp;<\/p>\n<p>M\u00e1s informaci\u00f3n en la <a href=\"http:\/\/www.clubcaminantebadajoz.com\/ruta.php?rut=101252\" rel=\"external nofollow\"><strong>web del Club del Caminante<\/strong><\/a><\/p>\n<p>&nbsp;<\/p>\n<!-- AddThis Advanced Settings generic via filter on the_content --><!-- AddThis Share Buttons generic via filter on the_content -->","protected":false},"excerpt":{"rendered":"<p>VER GALER\u00cdA DE FOTOS &nbsp; Si hace unas semanas os habl\u00e1bamos de la ruta por el\u00a0 impresionante Acueducto de Las Herrer\u00edas, en Campillo de Deleitosa, ahora ten\u00e9is la oportunidad de realizar esta marcha con el Club del Caminante de Badajoz. El aliciente principal de esta ruta que se celebrar\u00e1 el 27 de octubre es conocer [&hellip;]<!-- AddThis Advanced Settings generic via filter on get_the_excerpt --><!-- AddThis Share Buttons generic via filter on get_the_excerpt --><\/p>\n","protected":false},"author":27,"featured_media":0,"comment_status":"open","ping_status":"closed","sticky":false,"template":"","format":"standard","meta":[],"categories":[4],"tags":[13,216,836,916,1035],"_links":{"self":[{"href":"https:\/\/blogs.hoy.es\/senderosextremadura\/wp-json\/wp\/v2\/posts\/2086"}],"collection":[{"href":"https:\/\/blogs.hoy.es\/senderosextremadura\/wp-json\/wp\/v2\/posts"}],"about":[{"href":"https:\/\/blogs.hoy.es\/senderosextremadura\/wp-json\/wp\/v2\/types\/post"}],"author":[{"embeddable":true,"href":"https:\/\/blogs.hoy.es\/senderosextremadura\/wp-json\/wp\/v2\/users\/27"}],"replies":[{"embeddable":true,"href":"https:\/\/blogs.hoy.es\/senderosextremadura\/wp-json\/wp\/v2\/comments?post=2086"}],"version-history":[{"count":0,"href":"https:\/\/blogs.hoy.es\/senderosextremadura\/wp-json\/wp\/v2\/posts\/2086\/revisions"}],"wp:attachment":[{"href":"https:\/\/blogs.hoy.es\/senderosextremadura\/wp-json\/wp\/v2\/media?parent=2086"}],"wp:term":[{"taxonomy":"category","embeddable":true,"href":"https:\/\/blogs.hoy.es\/senderosextremadura\/wp-json\/wp\/v2\/categories?post=2086"},{"taxonomy":"post_tag","embeddable":true,"href":"https:\/\/blogs.hoy.es\/senderosextremadura\/wp-json\/wp\/v2\/tags?post=2086"}],"curies":[{"name":"wp","href":"https:\/\/api.w.org\/{rel}","templated":true}]}}