{"id":2093,"date":"2013-10-14T18:40:28","date_gmt":"2013-10-14T18:40:28","guid":{"rendered":"http:\/\/blogs.hoy.es\/senderosextremadura\/?p=2093"},"modified":"2013-10-14T18:40:28","modified_gmt":"2013-10-14T18:40:28","slug":"variante-de-la-travesia-de-carlos-v-20-de-octubre","status":"publish","type":"post","link":"https:\/\/blogs.hoy.es\/senderosextremadura\/2013\/10\/14\/variante-de-la-travesia-de-carlos-v-20-de-octubre\/","title":{"rendered":"Variante de la Traves\u00eda de Carlos V (20 de octubre)"},"content":{"rendered":"<p>&nbsp;<\/p>\n<div id=\"attachment_2095\" style=\"width: 610px\" class=\"wp-caption aligncenter\"><a href=\"http:\/\/es.wikiloc.com\/wikiloc\/view.do?id=5386159\" rel=\"external nofollow\"><img aria-describedby=\"caption-attachment-2095\" loading=\"lazy\" class=\"size-large wp-image-2095\" title=\"\" src=\"\/senderosextremadura\/wp-content\/uploads\/sites\/22\/2013\/10\/vista-ruta.jpg\" alt=\"\" width=\"600\" height=\"480\" srcset=\"https:\/\/static-blogs.hoy.es\/wp-content\/uploads\/sites\/22\/2013\/10\/vista-ruta.jpg 1280w, https:\/\/static-blogs.hoy.es\/wp-content\/uploads\/sites\/22\/2013\/10\/vista-ruta-300x240.jpg 300w, https:\/\/static-blogs.hoy.es\/wp-content\/uploads\/sites\/22\/2013\/10\/vista-ruta-768x614.jpg 768w, https:\/\/static-blogs.hoy.es\/wp-content\/uploads\/sites\/22\/2013\/10\/vista-ruta-600x480.jpg 600w\" sizes=\"(max-width: 600px) 100vw, 600px\" \/><\/a><p id=\"caption-attachment-2095\" class=\"wp-caption-text\">Trazadado de la ruta en Wikiloc<\/p><\/div>\n<p><a href=\"http:\/\/montanerosmonfrague.es\/actividades.html\" rel=\"external nofollow\"><strong>Monta\u00f1eros de Monfrag\u00fce<\/strong><\/a>,\u00a0 el club de monta\u00f1ismo m\u00e1s antiguo de la ciudad de C\u00e1ceres, ha preparado una ruta para el pr\u00f3ximo <strong>domingo 20 de octubre<\/strong>. Se trata de una <strong>variante de la Traves\u00eda de Carlos V<\/strong>, entre Jerte y\u00a0 Jarandilla de la Vera. Es un recorrido de monta\u00f1a de unos 21 km, muy bonito en esta \u00e9poca del a\u00f1o en la que comienza el oto\u00f1o. <!--more--><\/p>\n<p><strong>Desarrollo de la actividad<\/strong><\/p>\n<p>Los caminates saldr\u00e1n de C\u00e1ceres a las 7:00 horas, en la venida Ruta de la Plata, a la altura del INE (antiguo restaurante Alaska)<\/p>\n<p><strong>Recorrido de la ruta<\/strong><br \/>\nJerte &#8211; Collado de las Losas- Puente Nuevo y Garganta de la Serr\u00e1- Collado de las Yeguas- Garganta Yedr\u00f3n- Jarandilla de la Vera<\/p>\n<p>Se recomienda llevar ropa de abrigo, botas, gorra, chubasquero y bastones&#8230; Es posible que lluvia el pr\u00f3ximo fin de semana, ya que se acerca una borrasca.<\/p>\n<p>M\u00e1s informaci\u00f3n en la <a href=\"http:\/\/montanerosmonfrague.es\/actividades.html\" rel=\"external nofollow\"><strong>web del club.<\/strong> <\/a><\/p>\n<!-- AddThis Advanced Settings generic via filter on the_content --><!-- AddThis Share Buttons generic via filter on the_content -->","protected":false},"excerpt":{"rendered":"<p>&nbsp; Monta\u00f1eros de Monfrag\u00fce,\u00a0 el club de monta\u00f1ismo m\u00e1s antiguo de la ciudad de C\u00e1ceres, ha preparado una ruta para el pr\u00f3ximo domingo 20 de octubre. Se trata de una variante de la Traves\u00eda de Carlos V, entre Jerte y\u00a0 Jarandilla de la Vera. Es un recorrido de monta\u00f1a de unos 21 km, muy bonito [&hellip;]<!-- AddThis Advanced Settings generic via filter on get_the_excerpt --><!-- AddThis Share Buttons generic via filter on get_the_excerpt --><\/p>\n","protected":false},"author":27,"featured_media":0,"comment_status":"open","ping_status":"closed","sticky":false,"template":"","format":"standard","meta":[],"categories":[4],"tags":[343,413,419,526,724,821,836,917,1035],"_links":{"self":[{"href":"https:\/\/blogs.hoy.es\/senderosextremadura\/wp-json\/wp\/v2\/posts\/2093"}],"collection":[{"href":"https:\/\/blogs.hoy.es\/senderosextremadura\/wp-json\/wp\/v2\/posts"}],"about":[{"href":"https:\/\/blogs.hoy.es\/senderosextremadura\/wp-json\/wp\/v2\/types\/post"}],"author":[{"embeddable":true,"href":"https:\/\/blogs.hoy.es\/senderosextremadura\/wp-json\/wp\/v2\/users\/27"}],"replies":[{"embeddable":true,"href":"https:\/\/blogs.hoy.es\/senderosextremadura\/wp-json\/wp\/v2\/comments?post=2093"}],"version-history":[{"count":0,"href":"https:\/\/blogs.hoy.es\/senderosextremadura\/wp-json\/wp\/v2\/posts\/2093\/revisions"}],"wp:attachment":[{"href":"https:\/\/blogs.hoy.es\/senderosextremadura\/wp-json\/wp\/v2\/media?parent=2093"}],"wp:term":[{"taxonomy":"category","embeddable":true,"href":"https:\/\/blogs.hoy.es\/senderosextremadura\/wp-json\/wp\/v2\/categories?post=2093"},{"taxonomy":"post_tag","embeddable":true,"href":"https:\/\/blogs.hoy.es\/senderosextremadura\/wp-json\/wp\/v2\/tags?post=2093"}],"curies":[{"name":"wp","href":"https:\/\/api.w.org\/{rel}","templated":true}]}}