{"id":2098,"date":"2013-10-15T15:51:24","date_gmt":"2013-10-15T15:51:24","guid":{"rendered":"http:\/\/blogs.hoy.es\/senderosextremadura\/?p=2098"},"modified":"2013-10-15T15:51:24","modified_gmt":"2013-10-15T15:51:24","slug":"ruta-del-penon-del-buho-27-de-octubre","status":"publish","type":"post","link":"https:\/\/blogs.hoy.es\/senderosextremadura\/2013\/10\/15\/ruta-del-penon-del-buho-27-de-octubre\/","title":{"rendered":"Ruta del Pe\u00f1\u00f3n del B\u00faho (27 de octubre)"},"content":{"rendered":"<p><strong><a href=\"https:\/\/blogs.hoy.es\/senderosextremadura\/2013\/10\/15\/ruta-del-penon-del-buho-27-de-octubre\/destino-siberia2\/\" rel=\"attachment wp-att-2099\"><img loading=\"lazy\" class=\"aligncenter size-full wp-image-2099\" title=\"\" src=\"\/senderosextremadura\/wp-content\/uploads\/sites\/22\/2013\/10\/destino-siberia2.jpg\" alt=\"\" width=\"390\" height=\"180\" srcset=\"https:\/\/static-blogs.hoy.es\/wp-content\/uploads\/sites\/22\/2013\/10\/destino-siberia2.jpg 390w, https:\/\/static-blogs.hoy.es\/wp-content\/uploads\/sites\/22\/2013\/10\/destino-siberia2-300x138.jpg 300w\" sizes=\"(max-width: 390px) 100vw, 390px\" \/><\/a><\/strong><\/p>\n<p><strong>Destino Siberia<\/strong> contin\u00faa con su programa de rutas por la comarca pacense. El pr\u00f3ximo <strong>domingo d\u00eda 27 de octubre<\/strong> se dirigir\u00e1n a la peque\u00f1a <a href=\"http:\/\/es.wikipedia.org\/wiki\/Garbayuela\" rel=\"external nofollow\"><strong>localidad de Garbayuela<\/strong><\/a> para recorrer sus sierras, ca\u00f1adas reales y la orilla del r\u00edo Guadalemar. Garbayuela se sit\u00faa sobre ondulaciones cubiertas de dehesa, jaras y monte bajo, en la proximidad de la sierra de los Villares, a mitad de camino entre <a title=\"Siruela\" href=\"http:\/\/es.wikipedia.org\/wiki\/Siruela\" rel=\"external nofollow\">Siruela<\/a> y <a title=\"Fuenlabrada de los Montes\" href=\"http:\/\/es.wikipedia.org\/wiki\/Fuenlabrada_de_los_Montes\" rel=\"external nofollow\">Fuenlabrada de los Montes<\/a>. Entre sus parajes llama la atenci\u00f3n por su inter\u00e9s paisaj\u00edstico, el llamado &#8220;Tabla Corta&#8221;, de remansadas y someras aguas.<\/p>\n<p>Se trata de la <strong>Ruta del Pe\u00f1\u00f3n\u00a0 del B\u00faho<\/strong>, circular desde Garbayuela, de 15 kil\u00f3metros y dificultad baja.<br \/>\nLas caminantes partir\u00e1n de la plaza de toros y subir\u00e1n por la <strong>cuesta de la Molinera<\/strong> hasta el <strong>puerto de la Corchada<\/strong>, de ah\u00ed nos dirigimos al Pe\u00f1\u00f3n del B\u00faho.<\/p>\n<p>Desde esta ubicaci\u00f3n se divisa el <strong>r\u00edo Guadalemar<\/strong> con sus vegas y tablas. Descendemos hasta tablacorta y por una senda a media falda pasamos los <strong>ba\u00f1os de Don Zen\u00f3n<\/strong>, a los cuales se les atribu\u00edan propiedades cuarativas, y el pe\u00f1\u00f3n del B\u00faho, seguimos descendiendo hasta la <strong>Ca\u00f1ada Real Segoviana<\/strong>, que trascurre paralela al cauce del r\u00edo Guadalemar, que tomaremos para volver a Garbayuela.<\/p>\n<p>Los interesados pueden inscribirse en el mail <strong>destinosiberia@destinosiberia.com<\/strong> o en el tel\u00e9fono <strong>661522660<\/strong><br \/>\nEl precio de inscripci\u00f3n es de 8 euros.<\/p>\n<!-- AddThis Advanced Settings generic via filter on the_content --><!-- AddThis Share Buttons generic via filter on the_content -->","protected":false},"excerpt":{"rendered":"<p>Destino Siberia contin\u00faa con su programa de rutas por la comarca pacense. El pr\u00f3ximo domingo d\u00eda 27 de octubre se dirigir\u00e1n a la peque\u00f1a localidad de Garbayuela para recorrer sus sierras, ca\u00f1adas reales y la orilla del r\u00edo Guadalemar. Garbayuela se sit\u00faa sobre ondulaciones cubiertas de dehesa, jaras y monte bajo, en la proximidad de [&hellip;]<!-- AddThis Advanced Settings generic via filter on get_the_excerpt --><!-- AddThis Share Buttons generic via filter on get_the_excerpt --><\/p>\n","protected":false},"author":27,"featured_media":0,"comment_status":"open","ping_status":"closed","sticky":false,"template":"","format":"standard","meta":[],"categories":[4],"tags":[336,617,817,836,851,917,1035],"_links":{"self":[{"href":"https:\/\/blogs.hoy.es\/senderosextremadura\/wp-json\/wp\/v2\/posts\/2098"}],"collection":[{"href":"https:\/\/blogs.hoy.es\/senderosextremadura\/wp-json\/wp\/v2\/posts"}],"about":[{"href":"https:\/\/blogs.hoy.es\/senderosextremadura\/wp-json\/wp\/v2\/types\/post"}],"author":[{"embeddable":true,"href":"https:\/\/blogs.hoy.es\/senderosextremadura\/wp-json\/wp\/v2\/users\/27"}],"replies":[{"embeddable":true,"href":"https:\/\/blogs.hoy.es\/senderosextremadura\/wp-json\/wp\/v2\/comments?post=2098"}],"version-history":[{"count":0,"href":"https:\/\/blogs.hoy.es\/senderosextremadura\/wp-json\/wp\/v2\/posts\/2098\/revisions"}],"wp:attachment":[{"href":"https:\/\/blogs.hoy.es\/senderosextremadura\/wp-json\/wp\/v2\/media?parent=2098"}],"wp:term":[{"taxonomy":"category","embeddable":true,"href":"https:\/\/blogs.hoy.es\/senderosextremadura\/wp-json\/wp\/v2\/categories?post=2098"},{"taxonomy":"post_tag","embeddable":true,"href":"https:\/\/blogs.hoy.es\/senderosextremadura\/wp-json\/wp\/v2\/tags?post=2098"}],"curies":[{"name":"wp","href":"https:\/\/api.w.org\/{rel}","templated":true}]}}