{"id":2101,"date":"2013-10-15T16:04:13","date_gmt":"2013-10-15T16:04:13","guid":{"rendered":"http:\/\/blogs.hoy.es\/senderosextremadura\/?p=2101"},"modified":"2013-10-15T16:04:13","modified_gmt":"2013-10-15T16:04:13","slug":"ruta-por-la-garganta-de-los-infiernos-20-de-octubre","status":"publish","type":"post","link":"https:\/\/blogs.hoy.es\/senderosextremadura\/2013\/10\/15\/ruta-por-la-garganta-de-los-infiernos-20-de-octubre\/","title":{"rendered":"Ruta por la Garganta de los Infiernos (20 de octubre)"},"content":{"rendered":"<div id=\"attachment_2103\" style=\"width: 610px\" class=\"wp-caption aligncenter\"><a href=\"https:\/\/blogs.hoy.es\/senderosextremadura\/2013\/10\/15\/ruta-por-la-garganta-de-los-infiernos-20-de-octubre\/garganta3\/\" rel=\"attachment wp-att-2103\"><img aria-describedby=\"caption-attachment-2103\" loading=\"lazy\" class=\"size-full wp-image-2103\" title=\"\" src=\"\/senderosextremadura\/wp-content\/uploads\/sites\/22\/2013\/10\/garganta3.jpg\" alt=\"\" width=\"600\" height=\"300\" srcset=\"https:\/\/static-blogs.hoy.es\/wp-content\/uploads\/sites\/22\/2013\/10\/garganta3.jpg 600w, https:\/\/static-blogs.hoy.es\/wp-content\/uploads\/sites\/22\/2013\/10\/garganta3-300x150.jpg 300w\" sizes=\"(max-width: 600px) 100vw, 600px\" \/><\/a><p id=\"caption-attachment-2103\" class=\"wp-caption-text\">Imagen veraniega de Los Pilones, en la Garganta de los Infiernos:: HOY<\/p><\/div>\n<p><strong>Explorer<\/strong> realizar\u00e1 una ruta el pr\u00f3ximo domingo <strong>20 de octubre por la Garganta de los Infiernos<\/strong>, en la comarca cacere\u00f1a del <strong>Valle del Jerte<\/strong>. La marcha de <strong>17 kil\u00f3metros<\/strong> tiene una dificultad baja y un recorrido de 17 kil\u00f3metros, adem\u00e1s de un desnivel de 625 metros. Los caminantes saldr\u00e1n en autobuses desde Baddajoz (8 horas) y C\u00e1ceres (8.30h). El precio de la actividad es de 20 euros e incluye traslados, gu\u00eda titulado y seguro.<br \/>\nM\u00e1s informaci\u00f3n en el tel\u00e9fono <strong>902 999 163<\/strong>, o en la c\/ Santo Domingo, 49, 06001, Badajoz<\/p>\n<!-- AddThis Advanced Settings generic via filter on the_content --><!-- AddThis Share Buttons generic via filter on the_content -->","protected":false},"excerpt":{"rendered":"<p>Explorer realizar\u00e1 una ruta el pr\u00f3ximo domingo 20 de octubre por la Garganta de los Infiernos, en la comarca cacere\u00f1a del Valle del Jerte. La marcha de 17 kil\u00f3metros tiene una dificultad baja y un recorrido de 17 kil\u00f3metros, adem\u00e1s de un desnivel de 625 metros. Los caminantes saldr\u00e1n en autobuses desde Baddajoz (8 horas) [&hellip;]<!-- AddThis Advanced Settings generic via filter on get_the_excerpt --><!-- AddThis Share Buttons generic via filter on get_the_excerpt --><\/p>\n","protected":false},"author":27,"featured_media":0,"comment_status":"open","ping_status":"closed","sticky":false,"template":"","format":"standard","meta":[],"categories":[4],"tags":[343,457,821,906,917,944,1035,1063],"_links":{"self":[{"href":"https:\/\/blogs.hoy.es\/senderosextremadura\/wp-json\/wp\/v2\/posts\/2101"}],"collection":[{"href":"https:\/\/blogs.hoy.es\/senderosextremadura\/wp-json\/wp\/v2\/posts"}],"about":[{"href":"https:\/\/blogs.hoy.es\/senderosextremadura\/wp-json\/wp\/v2\/types\/post"}],"author":[{"embeddable":true,"href":"https:\/\/blogs.hoy.es\/senderosextremadura\/wp-json\/wp\/v2\/users\/27"}],"replies":[{"embeddable":true,"href":"https:\/\/blogs.hoy.es\/senderosextremadura\/wp-json\/wp\/v2\/comments?post=2101"}],"version-history":[{"count":0,"href":"https:\/\/blogs.hoy.es\/senderosextremadura\/wp-json\/wp\/v2\/posts\/2101\/revisions"}],"wp:attachment":[{"href":"https:\/\/blogs.hoy.es\/senderosextremadura\/wp-json\/wp\/v2\/media?parent=2101"}],"wp:term":[{"taxonomy":"category","embeddable":true,"href":"https:\/\/blogs.hoy.es\/senderosextremadura\/wp-json\/wp\/v2\/categories?post=2101"},{"taxonomy":"post_tag","embeddable":true,"href":"https:\/\/blogs.hoy.es\/senderosextremadura\/wp-json\/wp\/v2\/tags?post=2101"}],"curies":[{"name":"wp","href":"https:\/\/api.w.org\/{rel}","templated":true}]}}