{"id":2105,"date":"2013-10-16T15:25:22","date_gmt":"2013-10-16T15:25:22","guid":{"rendered":"http:\/\/blogs.hoy.es\/senderosextremadura\/?p=2105"},"modified":"2013-10-16T15:25:22","modified_gmt":"2013-10-16T15:25:22","slug":"travesia-de-28-kilometros-plasencia-el-torno-gargantilla-19-y-20-octubre","status":"publish","type":"post","link":"https:\/\/blogs.hoy.es\/senderosextremadura\/2013\/10\/16\/travesia-de-28-kilometros-plasencia-el-torno-gargantilla-19-y-20-octubre\/","title":{"rendered":"Traves\u00eda de 28 kil\u00f3metros Plasencia-El Torno-Gargantilla (19 y 20 octubre)"},"content":{"rendered":"<div id=\"attachment_2107\" style=\"width: 610px\" class=\"wp-caption aligncenter\"><a href=\"https:\/\/blogs.hoy.es\/senderosextremadura\/2013\/10\/16\/travesia-de-28-kilometros-plasencia-el-torno-gargantilla-19-y-20-octubre\/valle-jerte\/\" rel=\"attachment wp-att-2107\"><img aria-describedby=\"caption-attachment-2107\" loading=\"lazy\" class=\"size-large wp-image-2107\" title=\"\" src=\"\/senderosextremadura\/wp-content\/uploads\/sites\/22\/2013\/10\/valle-jerte.jpg\" alt=\"\" width=\"600\" height=\"463\" srcset=\"https:\/\/static-blogs.hoy.es\/wp-content\/uploads\/sites\/22\/2013\/10\/valle-jerte.jpg 647w, https:\/\/static-blogs.hoy.es\/wp-content\/uploads\/sites\/22\/2013\/10\/valle-jerte-300x232.jpg 300w, https:\/\/static-blogs.hoy.es\/wp-content\/uploads\/sites\/22\/2013\/10\/valle-jerte-600x464.jpg 600w\" sizes=\"(max-width: 600px) 100vw, 600px\" \/><\/a><p id=\"caption-attachment-2107\" class=\"wp-caption-text\">Imagen primaveral del Valle del Jerte:: HOY<\/p><\/div>\n<p>La <strong>secci\u00f3n de <a href=\"http:\/\/www.valcorchero.es\/\" rel=\"external nofollow\">Monta\u00f1a del Club Polideportivo Valcorchero<\/a><\/strong> hace este fin de semana la traves\u00eda de Plasencia a Gargantilla. Con <strong>28 kil\u00f3metros y 13 horas de duraci\u00f3n<\/strong>, la ruta tiene una dificultad media. La primera jornada de 18 kil\u00f3metros en cinco horas, se hace el s\u00e1bado hasta El Torno donde se pernocta. El domingo se va desde este municipio del Valle del Jerte, por la cueva del maqui, el Comocho y la <strong>portilla de Honduras a Gargantilla<\/strong>. Son 20 kil\u00f3metros y ocho horas de camino.<\/p>\n<p>&nbsp;<\/p>\n<p>M\u00e1s informaci\u00f3n en <strong><a href=\"http:\/\/www.valcorchero.es\/\" rel=\"external nofollow\">www.valcorchero.es<\/a><\/strong><\/p>\n<!-- AddThis Advanced Settings generic via filter on the_content --><!-- AddThis Share Buttons generic via filter on the_content -->","protected":false},"excerpt":{"rendered":"<p>La secci\u00f3n de Monta\u00f1a del Club Polideportivo Valcorchero hace este fin de semana la traves\u00eda de Plasencia a Gargantilla. Con 28 kil\u00f3metros y 13 horas de duraci\u00f3n, la ruta tiene una dificultad media. La primera jornada de 18 kil\u00f3metros en cinco horas, se hace el s\u00e1bado hasta El Torno donde se pernocta. El domingo se [&hellip;]<!-- AddThis Advanced Settings generic via filter on get_the_excerpt --><!-- AddThis Share Buttons generic via filter on get_the_excerpt --><\/p>\n","protected":false},"author":27,"featured_media":0,"comment_status":"open","ping_status":"closed","sticky":false,"template":"","format":"standard","meta":[],"categories":[4],"tags":[833,836,906,917,1035],"_links":{"self":[{"href":"https:\/\/blogs.hoy.es\/senderosextremadura\/wp-json\/wp\/v2\/posts\/2105"}],"collection":[{"href":"https:\/\/blogs.hoy.es\/senderosextremadura\/wp-json\/wp\/v2\/posts"}],"about":[{"href":"https:\/\/blogs.hoy.es\/senderosextremadura\/wp-json\/wp\/v2\/types\/post"}],"author":[{"embeddable":true,"href":"https:\/\/blogs.hoy.es\/senderosextremadura\/wp-json\/wp\/v2\/users\/27"}],"replies":[{"embeddable":true,"href":"https:\/\/blogs.hoy.es\/senderosextremadura\/wp-json\/wp\/v2\/comments?post=2105"}],"version-history":[{"count":0,"href":"https:\/\/blogs.hoy.es\/senderosextremadura\/wp-json\/wp\/v2\/posts\/2105\/revisions"}],"wp:attachment":[{"href":"https:\/\/blogs.hoy.es\/senderosextremadura\/wp-json\/wp\/v2\/media?parent=2105"}],"wp:term":[{"taxonomy":"category","embeddable":true,"href":"https:\/\/blogs.hoy.es\/senderosextremadura\/wp-json\/wp\/v2\/categories?post=2105"},{"taxonomy":"post_tag","embeddable":true,"href":"https:\/\/blogs.hoy.es\/senderosextremadura\/wp-json\/wp\/v2\/tags?post=2105"}],"curies":[{"name":"wp","href":"https:\/\/api.w.org\/{rel}","templated":true}]}}