{"id":2110,"date":"2013-10-17T15:59:59","date_gmt":"2013-10-17T15:59:59","guid":{"rendered":"http:\/\/blogs.hoy.es\/senderosextremadura\/?p=2110"},"modified":"2013-10-17T15:59:59","modified_gmt":"2013-10-17T15:59:59","slug":"de-berzocana-a-logrosan-por-una-vieja-carretera-olvidada-27-de-octubre","status":"publish","type":"post","link":"https:\/\/blogs.hoy.es\/senderosextremadura\/2013\/10\/17\/de-berzocana-a-logrosan-por-una-vieja-carretera-olvidada-27-de-octubre\/","title":{"rendered":"De Berzocana a Logros\u00e1n por una vieja carretera olvidada (27 de octubre)"},"content":{"rendered":"<p>&nbsp;<\/p>\n<div id=\"attachment_2111\" style=\"width: 560px\" class=\"wp-caption aligncenter\"><a href=\"https:\/\/blogs.hoy.es\/senderosextremadura\/2013\/10\/17\/de-berzocana-a-logrosan-por-una-vieja-carretera-olvidada-27-de-octubre\/berzocana-4\/\" rel=\"attachment wp-att-2111\"><img aria-describedby=\"caption-attachment-2111\" loading=\"lazy\" class=\" wp-image-2111\" title=\"\" src=\"\/senderosextremadura\/wp-content\/uploads\/sites\/22\/2013\/10\/berzocana-4.jpg\" alt=\"\" width=\"550\" height=\"424\" srcset=\"https:\/\/static-blogs.hoy.es\/wp-content\/uploads\/sites\/22\/2013\/10\/berzocana-4.jpg 647w, https:\/\/static-blogs.hoy.es\/wp-content\/uploads\/sites\/22\/2013\/10\/berzocana-4-300x232.jpg 300w, https:\/\/static-blogs.hoy.es\/wp-content\/uploads\/sites\/22\/2013\/10\/berzocana-4-600x464.jpg 600w\" sizes=\"(max-width: 550px) 100vw, 550px\" \/><\/a><p id=\"caption-attachment-2111\" class=\"wp-caption-text\">Vistas de Berzocana:: HOY<\/p><\/div>\n<p>La <a href=\"https:\/\/www.facebook.com\/montanerosvegasaltas.asociacion\" rel=\"external nofollow\"><strong>Asociaci\u00f3n Monta\u00f1eros Vegas Altas<\/strong><\/a> ha preparado para el 27 de octubre una ruta desde Berzocana a Logros\u00e1n. Se trata de un recorrido de 20 kil\u00f3metros por una vieja carretera pr\u00e1cticamente olvidada que nos llevar\u00e1 desde Berzocana a Logros\u00e1n, en un recorrido que ser\u00e1 pr\u00e1cticamente en bajada todo el tiempo.<!--more--><\/p>\n<p>La salida tendr\u00e1 lugar\u00a0 a las 8:15 horas desde la piscina natural de Villanueva dee la serena, y quince minutos m\u00e1s tarde desde la estaci\u00f3n de autobuses de Don Benito.<\/p>\n<p>Precio:<br \/>\nSocios: 12 euros<br \/>\nNo socios: 15 euros<br \/>\nIngresad antes del jueves en Openbank:<br \/>\n0073\/0100\/56\/0486591460<\/p>\n<p>&nbsp;<\/p>\n<p><strong>Art\u00edculos relacionados<\/strong><\/p>\n<p><a href=\"https:\/\/blogs.hoy.es\/senderosextremadura\/2013\/09\/28\/viaje-al-interior-de-la-mina-costanaza\/\"><strong>Viaje al interior de la Mina Costanaza, en Logros\u00e1n<\/strong><\/a><\/p>\n<!-- AddThis Advanced Settings generic via filter on the_content --><!-- AddThis Share Buttons generic via filter on the_content -->","protected":false},"excerpt":{"rendered":"<p>&nbsp; La Asociaci\u00f3n Monta\u00f1eros Vegas Altas ha preparado para el 27 de octubre una ruta desde Berzocana a Logros\u00e1n. Se trata de un recorrido de 20 kil\u00f3metros por una vieja carretera pr\u00e1cticamente olvidada que nos llevar\u00e1 desde Berzocana a Logros\u00e1n, en un recorrido que ser\u00e1 pr\u00e1cticamente en bajada todo el tiempo.<!-- AddThis Advanced Settings generic via filter on get_the_excerpt --><!-- AddThis Share Buttons generic via filter on get_the_excerpt --><\/p>\n","protected":false},"author":27,"featured_media":0,"comment_status":"open","ping_status":"closed","sticky":false,"template":"","format":"standard","meta":[],"categories":[4],"tags":[101,455,528,821,836,906,937,1035],"_links":{"self":[{"href":"https:\/\/blogs.hoy.es\/senderosextremadura\/wp-json\/wp\/v2\/posts\/2110"}],"collection":[{"href":"https:\/\/blogs.hoy.es\/senderosextremadura\/wp-json\/wp\/v2\/posts"}],"about":[{"href":"https:\/\/blogs.hoy.es\/senderosextremadura\/wp-json\/wp\/v2\/types\/post"}],"author":[{"embeddable":true,"href":"https:\/\/blogs.hoy.es\/senderosextremadura\/wp-json\/wp\/v2\/users\/27"}],"replies":[{"embeddable":true,"href":"https:\/\/blogs.hoy.es\/senderosextremadura\/wp-json\/wp\/v2\/comments?post=2110"}],"version-history":[{"count":0,"href":"https:\/\/blogs.hoy.es\/senderosextremadura\/wp-json\/wp\/v2\/posts\/2110\/revisions"}],"wp:attachment":[{"href":"https:\/\/blogs.hoy.es\/senderosextremadura\/wp-json\/wp\/v2\/media?parent=2110"}],"wp:term":[{"taxonomy":"category","embeddable":true,"href":"https:\/\/blogs.hoy.es\/senderosextremadura\/wp-json\/wp\/v2\/categories?post=2110"},{"taxonomy":"post_tag","embeddable":true,"href":"https:\/\/blogs.hoy.es\/senderosextremadura\/wp-json\/wp\/v2\/tags?post=2110"}],"curies":[{"name":"wp","href":"https:\/\/api.w.org\/{rel}","templated":true}]}}