{"id":2118,"date":"2013-10-21T09:13:37","date_gmt":"2013-10-21T09:13:37","guid":{"rendered":"http:\/\/blogs.hoy.es\/senderosextremadura\/?p=2118"},"modified":"2013-10-21T09:13:37","modified_gmt":"2013-10-21T09:13:37","slug":"tres-sierras-para-400-senderistas","status":"publish","type":"post","link":"https:\/\/blogs.hoy.es\/senderosextremadura\/2013\/10\/21\/tres-sierras-para-400-senderistas\/","title":{"rendered":"Tres sierras para 400 senderistas"},"content":{"rendered":"<div>\n<div id=\"attachment_2119\" style=\"width: 610px\" class=\"wp-caption aligncenter\"><a href=\"https:\/\/blogs.hoy.es\/senderosextremadura\/2013\/10\/21\/tres-sierras-para-400-senderistas\/tres-sierrras3\/\" rel=\"attachment wp-att-2119\"><img aria-describedby=\"caption-attachment-2119\" loading=\"lazy\" class=\"size-large wp-image-2119\" title=\"Caminantes durante la marcha:: http:\/\/www.hoylossantosdemaimona.es\" src=\"\/senderosextremadura\/wp-content\/uploads\/sites\/22\/2013\/10\/tres-sierrras3.jpg\" alt=\"\" width=\"600\" height=\"278\" srcset=\"https:\/\/static-blogs.hoy.es\/wp-content\/uploads\/sites\/22\/2013\/10\/tres-sierrras3.jpg 647w, https:\/\/static-blogs.hoy.es\/wp-content\/uploads\/sites\/22\/2013\/10\/tres-sierrras3-300x139.jpg 300w, https:\/\/static-blogs.hoy.es\/wp-content\/uploads\/sites\/22\/2013\/10\/tres-sierrras3-600x278.jpg 600w\" sizes=\"(max-width: 600px) 100vw, 600px\" \/><\/a><p id=\"caption-attachment-2119\" class=\"wp-caption-text\">Caminantes durante la marcha:: http:\/\/www.hoylossantosdemaimona.es<\/p><\/div>\n<p>LUCIO POVES | La tormenta y las lluvias del s\u00e1bado pod\u00edan haber disuadido a algunos caminantes, pero nada m\u00e1s lejos de la realidad, ya que m\u00e1s de <strong>400 senderistas\u00a0<\/strong> realizaron este domingo la ruta <strong>senderista de Las Tres Sierras, por <a href=\"http:\/\/www.hoylossantosdemaimona.es\/\" rel=\"external nofollow\">Los Santos de Maimona<\/a>.<\/strong> Casi tres horas de caminata para los primeros en llegar y la Plaza de Vistahermosa que se encontraba llena para recibir a los \u00faltimos. Pan, fruta, aceitunas, gazpacho y una garbanzada espectacular hecha por Loli completaban \u00a0el men\u00fa, \u00a0todo ello aderezado por la m\u00fasica de los Agachacharanga y los bailes regionales del Juan Blanco y la Asociaci\u00f3n de Mujeres de Los Santos. Varias casas comerciales adem\u00e1s de Diputaci\u00f3n de Badajoz y el Ayuntamiento han colaborado con los senderistas sante\u00f1os en esta segunda edici\u00f3n.<!--more--><\/p>\n<\/div>\n<div>\n<p>Desde bien temprano, no hab\u00edan dado ni las 8 y todav\u00eda de noche, comenzaron a llegar a la Plaza de Vistahermosa los miembros de la Asociaci\u00f3n Senderista &#8216;La Verea&#8217;, hab\u00eda que montar mesas, barras&#8230; La zona de recogida de inscripciones recib\u00eda a &#8216;Las Chicas de Migue&#8217;, donde se afanaban por colocar las vallas y repartirse las tarjetas de control, listados, bolis, planos&#8230;, en las mesas dulces\u00a0 para los primeros senderistas que se acercaban a probar los buenos productos\u00a0 sante\u00f1os. En el escenario Luis Parra enchufando \u00a0los primeros cables para tener m\u00fasica y escuchar las indicaciones que desde la directiva se iban dando.<\/p>\n<p>Muchos de los senderistas desayunaban en los bares cercanos a la plaza o se reun\u00edan en torno a los tradicionales churros de Antol\u00edn. Saludos, risas y reencuentros eran las primeras muestras de amistad de las muchas que se vieron desde bien temprano.<\/p>\n<p>Pasadas las nueve el presidente de la asociaci\u00f3n, Amador Monta\u00f1o y el secretario de la misma, Miguel A. Rodr\u00edguez, daban algunas indicaciones sobre la ruta, a la vez que el Concejal de Cultura, Antonio Mar\u00edn agradec\u00eda el trabajo de la propia asociaci\u00f3n y el inter\u00e9s de los paisanos y visitantes por participar en nuestra concentraci\u00f3n.<\/p>\n<p>En un recorrido casi id\u00e9ntico al del a\u00f1o pasado, a excepci\u00f3n de un tramo en la Sierra de San Crist\u00f3bal y la ruta alternativa, m\u00e1s de 400 senderistas han disfrutado de nuestras tres sierras, desde la dura subida a Cabrera hasta las diferentes sierras de Los Pinos y de Los Olivos. La Guardia Rural y la Polic\u00eda Local han colaborado en todo momento para evitar cualquier problema ya fuese en los tramos urbanos como en los caminos, cabe recordar que hoy era d\u00eda de caza.<\/p>\n<p>En el merendero de Cabera, la fruta y el agua hac\u00eda que de nuevo se reuniese gran parte del grupo, la primera gran ascensi\u00f3n hizo que la cuerda de senderistas se hiciese bastante larga, alg\u00fan que otro participante lo pas\u00f3 mal en ese tramo. En la zona de la Escuela Taller un revitalizante gazpacho hac\u00eda que los cansados senderistas tomaran las fuerzas necesarias para acabar la ruta.<\/p>\n<p>El final estaba cerca, la plaza de Vistahermosa con ambiente de feria de mediod\u00eda iba recibiendo a los senderistas para disfrutar de una buena comida en un gran ambiente de convivencia y fiesta. M\u00fasica, sorteos \u00a0y baile cerraron ruta senderista que dej\u00f3 a sante\u00f1os y visitantes muy satisfechos y a los organizadores muy contentos al ver que el esfuerzo tan importante que supone un evento como este ten\u00eda su justa recompensa.<\/p>\n<p>Fuente: <a href=\"http:\/\/www.hoylossantosdemaimona.es\/\" rel=\"external nofollow\"><strong>HOY Los Santos de Maimona<\/strong><\/a><\/p>\n<\/div>\n<!-- AddThis Advanced Settings generic via filter on the_content --><!-- AddThis Share Buttons generic via filter on the_content -->","protected":false},"excerpt":{"rendered":"<p>LUCIO POVES | La tormenta y las lluvias del s\u00e1bado pod\u00edan haber disuadido a algunos caminantes, pero nada m\u00e1s lejos de la realidad, ya que m\u00e1s de 400 senderistas\u00a0 realizaron este domingo la ruta senderista de Las Tres Sierras, por Los Santos de Maimona. Casi tres horas de caminata para los primeros en llegar y [&hellip;]<!-- AddThis Advanced Settings generic via filter on get_the_excerpt --><!-- AddThis Share Buttons generic via filter on get_the_excerpt --><\/p>\n","protected":false},"author":27,"featured_media":0,"comment_status":"open","ping_status":"closed","sticky":false,"template":"","format":"standard","meta":[],"categories":[3,4],"tags":[458,730,817,836,906,937,1035],"_links":{"self":[{"href":"https:\/\/blogs.hoy.es\/senderosextremadura\/wp-json\/wp\/v2\/posts\/2118"}],"collection":[{"href":"https:\/\/blogs.hoy.es\/senderosextremadura\/wp-json\/wp\/v2\/posts"}],"about":[{"href":"https:\/\/blogs.hoy.es\/senderosextremadura\/wp-json\/wp\/v2\/types\/post"}],"author":[{"embeddable":true,"href":"https:\/\/blogs.hoy.es\/senderosextremadura\/wp-json\/wp\/v2\/users\/27"}],"replies":[{"embeddable":true,"href":"https:\/\/blogs.hoy.es\/senderosextremadura\/wp-json\/wp\/v2\/comments?post=2118"}],"version-history":[{"count":0,"href":"https:\/\/blogs.hoy.es\/senderosextremadura\/wp-json\/wp\/v2\/posts\/2118\/revisions"}],"wp:attachment":[{"href":"https:\/\/blogs.hoy.es\/senderosextremadura\/wp-json\/wp\/v2\/media?parent=2118"}],"wp:term":[{"taxonomy":"category","embeddable":true,"href":"https:\/\/blogs.hoy.es\/senderosextremadura\/wp-json\/wp\/v2\/categories?post=2118"},{"taxonomy":"post_tag","embeddable":true,"href":"https:\/\/blogs.hoy.es\/senderosextremadura\/wp-json\/wp\/v2\/tags?post=2118"}],"curies":[{"name":"wp","href":"https:\/\/api.w.org\/{rel}","templated":true}]}}