{"id":2121,"date":"2013-10-21T10:16:59","date_gmt":"2013-10-21T10:16:59","guid":{"rendered":"http:\/\/blogs.hoy.es\/senderosextremadura\/?p=2121"},"modified":"2013-10-21T10:16:59","modified_gmt":"2013-10-21T10:16:59","slug":"montaneros-extremenos-abren-dos-nuevas-vias-en-el-circo-de-gredos","status":"publish","type":"post","link":"https:\/\/blogs.hoy.es\/senderosextremadura\/2013\/10\/21\/montaneros-extremenos-abren-dos-nuevas-vias-en-el-circo-de-gredos\/","title":{"rendered":"Monta\u00f1eros extreme\u00f1os abren dos nuevas v\u00edas en el circo de Gredos"},"content":{"rendered":"<div><\/div>\n<div>\n<div>\n<div>\n<div id=\"noticia-pestanas\">\n<div id=\"ccronica\">\n<div>\n<div>\n<div id=\"foto-1\"><img loading=\"lazy\" id=\"U3062911680128SzF\" src=\"\/\/www.hoy.es\/noticias\/201310\/21\/Media\/gredos-.jpg\" alt=\"Monta\u00f1eros extreme\u00f1os abren dos nuevas v\u00edas en el circo de Gredos\" width=\"647\" height=\"350\" \/><\/p>\n<div>\n<div><a href=\"http:\/\/www.hoy.es\/multimedia\/fotos\/regional\/123331-grandeza-circo-gredos-0.html\" rel=\"external nofollow\"><img src=\"\/\/www.hoy.es\/img\/bt-galeria.gif\" alt=\"Fotos\" \/>Fotos<\/a> del Circo de Gredos<\/div>\n<\/div>\n<\/div>\n<\/div>\n<p>&nbsp;<\/p>\n<p>El Grupo de Tecnificaci\u00f3n de la Federaci\u00f3n Extreme\u00f1a de Monta\u00f1a y Escalada (Fexme) ha abierto dos nuevas v\u00edas en la cara sur del Ameal de Pablo (Circo de Gredos) a las que han bautizado por &#8216;Guerreros de la roca&#8217; y &#8216;Grito de piedra&#8217;, y han cotado -grado de dificultad- de 8a\/A0 y 6b+, respectivamente.<\/p>\n<p>Se trata de nos nuevas alternativas para disfrutar con dos estilos y grados bien diferenciados, abiertas de diferente forma y con diferente equipamiento, seg\u00fan ha informado el escalador cacere\u00f1o Juanjo Cano a trav\u00e9s de su blog personal.<\/p>\n<p>En relaci\u00f3n a Guerreros de la roca, de 180 metros, Cano ha explicado que la apertura de esta v\u00eda comenz\u00f3 en la concentraci\u00f3n que desarroll\u00f3 el Grupo de Tecnificaci\u00f3n en Alpinismo de la Fexme en diciembre de 2011, de tal forma que ha tenido que esperar hasta este octubre para poner punto y final al trazado<\/p>\n<p>&#8220;Desde el inicio ten\u00edamos claro que la ruta ser\u00eda de altos vuelos y que quer\u00edamos que fuese un proyecto para el libre de dificultad; al igual que cuando abr\u00ed &#8216;Amores que matan&#8217; en 2010, una docena de metros m\u00e1s a la izquierda, quer\u00edamos que fuese una ruta de artificial con poco o nada de equipamiento&#8221;, ha destacado Cano.<\/p>\n<p>En ese sentido, ha explicado que han usado parabolts para su apertura all\u00ed donde era imposible protegerse con friends o donde han cre\u00eddo necesario hacerlo, ya que los deportistas que han participado en la apertura (Josu, Javier, \u00c1ngel, Jes\u00fas, adem\u00e1s del propio Juanjo) tienen diferente experiencia en la apertura de v\u00edas y todos han puesto su granito de arena.<\/p>\n<p>Al final, los extreme\u00f1os, mezclando estilos, motivaci\u00f3n, ganas, libre y artificial, han conseguido llegar al final de la ruta y dejar un proyecto &#8220;duro&#8221; de escalada libre.<\/p>\n<p>Si la v\u00eda anterior tuvo que esperar m\u00e1s de un a\u00f1o para ser terminada, en la segunda, bautizada como &#8220;Grito de piedra&#8221;, Juanjo y Josu solo invirtieron una ma\u00f1ana y que comienza unos metros a la derecha de &#8220;L\u00e1grimas Negras&#8221;.<\/p>\n<p>&#8220;Tres largos de terreno cl\u00e1sico y autoprotecci\u00f3n, con alguna chapilla suelta all\u00ed donde lo vimos conveniente para no dejarse los tobillos&#8221;, ha relatado cacere\u00f1o.<\/p>\n<\/div>\n<\/div>\n<\/div>\n<\/div>\n<\/div>\n<\/div>\n<!-- AddThis Advanced Settings generic via filter on the_content --><!-- AddThis Share Buttons generic via filter on the_content -->","protected":false},"excerpt":{"rendered":"<p>Fotos del Circo de Gredos &nbsp; El Grupo de Tecnificaci\u00f3n de la Federaci\u00f3n Extreme\u00f1a de Monta\u00f1a y Escalada (Fexme) ha abierto dos nuevas v\u00edas en la cara sur del Ameal de Pablo (Circo de Gredos) a las que han bautizado por &#8216;Guerreros de la roca&#8217; y &#8216;Grito de piedra&#8217;, y han cotado -grado de dificultad- [&hellip;]<!-- AddThis Advanced Settings generic via filter on get_the_excerpt --><!-- AddThis Share Buttons generic via filter on get_the_excerpt --><\/p>\n","protected":false},"author":27,"featured_media":0,"comment_status":"open","ping_status":"closed","sticky":false,"template":"","format":"standard","meta":[],"categories":[4],"tags":[],"_links":{"self":[{"href":"https:\/\/blogs.hoy.es\/senderosextremadura\/wp-json\/wp\/v2\/posts\/2121"}],"collection":[{"href":"https:\/\/blogs.hoy.es\/senderosextremadura\/wp-json\/wp\/v2\/posts"}],"about":[{"href":"https:\/\/blogs.hoy.es\/senderosextremadura\/wp-json\/wp\/v2\/types\/post"}],"author":[{"embeddable":true,"href":"https:\/\/blogs.hoy.es\/senderosextremadura\/wp-json\/wp\/v2\/users\/27"}],"replies":[{"embeddable":true,"href":"https:\/\/blogs.hoy.es\/senderosextremadura\/wp-json\/wp\/v2\/comments?post=2121"}],"version-history":[{"count":0,"href":"https:\/\/blogs.hoy.es\/senderosextremadura\/wp-json\/wp\/v2\/posts\/2121\/revisions"}],"wp:attachment":[{"href":"https:\/\/blogs.hoy.es\/senderosextremadura\/wp-json\/wp\/v2\/media?parent=2121"}],"wp:term":[{"taxonomy":"category","embeddable":true,"href":"https:\/\/blogs.hoy.es\/senderosextremadura\/wp-json\/wp\/v2\/categories?post=2121"},{"taxonomy":"post_tag","embeddable":true,"href":"https:\/\/blogs.hoy.es\/senderosextremadura\/wp-json\/wp\/v2\/tags?post=2121"}],"curies":[{"name":"wp","href":"https:\/\/api.w.org\/{rel}","templated":true}]}}