{"id":2123,"date":"2013-10-22T09:52:07","date_gmt":"2013-10-22T09:52:07","guid":{"rendered":"http:\/\/blogs.hoy.es\/senderosextremadura\/?p=2123"},"modified":"2013-10-22T09:52:07","modified_gmt":"2013-10-22T09:52:07","slug":"salida-a-la-sierra-de-gredos-con-geografica-25-26-y-27-de-octubre","status":"publish","type":"post","link":"https:\/\/blogs.hoy.es\/senderosextremadura\/2013\/10\/22\/salida-a-la-sierra-de-gredos-con-geografica-25-26-y-27-de-octubre\/","title":{"rendered":"Salida a la Sierra de Gredos con Geogr\u00e1fica (25, 26 y 27 de octubre)"},"content":{"rendered":"<div id=\"attachment_2124\" style=\"width: 610px\" class=\"wp-caption aligncenter\"><a href=\"https:\/\/blogs.hoy.es\/senderosextremadura\/2013\/10\/22\/salida-a-la-sierra-de-gredos-con-geografica-25-26-y-27-de-octubre\/geografica-10\/\" rel=\"attachment wp-att-2124\"><img aria-describedby=\"caption-attachment-2124\" loading=\"lazy\" class=\"size-large wp-image-2124\" title=\"Im\u00e1genes de la Sierra de Gredos:: GEOGR\u00c1FICA\" src=\"\/senderosextremadura\/wp-content\/uploads\/sites\/22\/2013\/10\/geografica-10.jpg\" alt=\"\" width=\"600\" height=\"761\" srcset=\"https:\/\/static-blogs.hoy.es\/wp-content\/uploads\/sites\/22\/2013\/10\/geografica-10.jpg 1280w, https:\/\/static-blogs.hoy.es\/wp-content\/uploads\/sites\/22\/2013\/10\/geografica-10-236x300.jpg 236w, https:\/\/static-blogs.hoy.es\/wp-content\/uploads\/sites\/22\/2013\/10\/geografica-10-768x974.jpg 768w, https:\/\/static-blogs.hoy.es\/wp-content\/uploads\/sites\/22\/2013\/10\/geografica-10-600x761.jpg 600w\" sizes=\"(max-width: 600px) 100vw, 600px\" \/><\/a><p id=\"caption-attachment-2124\" class=\"wp-caption-text\">Im\u00e1genes de la Sierra de Gredos:: GEOGR\u00c1FICA<\/p><\/div>\n<p>Asociaci\u00f3n Geogr\u00e1fica (Badajoz) realizar\u00e1 una<strong> salida a la Sierra de Gredos<\/strong> este fin de semana, del 25 al 27 de octubre. Se trata de <strong>actividades en la monta\u00f1a en los Galayos<\/strong>. El precio de inscripci\u00f3n es de 120 euro, e incluye dos d\u00edas de actividades de monta\u00f1a guiadas, dos d\u00edas de alojamiento en hotel con pensi\u00f3n completa. No incluye transporte de Badajoz a Navarredonda de Gredos.<\/p>\n<p>&nbsp;<\/p>\n<p>M\u00c1S INFORMACI\u00d3N EN:<\/p>\n<p>&nbsp;<\/p>\n<div>\n<ul>\n<li>C\/ Nevero Doce, 15, Oficina 5,\u00a0 Badajoz<\/li>\n<\/ul>\n<\/div>\n<table cellspacing=\"0\" cellpadding=\"0\">\n<tbody>\n<tr>\n<td>Tel\u00e9fono<\/td>\n<td>924 27 85 61<\/td>\n<\/tr>\n<tr>\n<td>Direcci\u00f3n de correo electr\u00f3nico<\/td>\n<td><a href=\"mailto:infogeografica@gmail.com\">infogeografica@gmail.com<\/a><\/td>\n<\/tr>\n<tr>\n<td>Sitio web<\/td>\n<td><a href=\"http:\/\/www.asociaciongeografica.com\/\" rel=\"nofollow external\" target=\"_blank\">http:\/\/www.asociaciongeografica.com<\/a><\/td>\n<\/tr>\n<\/tbody>\n<\/table>\n<!-- AddThis Advanced Settings generic via filter on the_content --><!-- AddThis Share Buttons generic via filter on the_content -->","protected":false},"excerpt":{"rendered":"<p>Asociaci\u00f3n Geogr\u00e1fica (Badajoz) realizar\u00e1 una salida a la Sierra de Gredos este fin de semana, del 25 al 27 de octubre. Se trata de actividades en la monta\u00f1a en los Galayos. El precio de inscripci\u00f3n es de 120 euro, e incluye dos d\u00edas de actividades de monta\u00f1a guiadas, dos d\u00edas de alojamiento en hotel con [&hellip;]<!-- AddThis Advanced Settings generic via filter on get_the_excerpt --><!-- AddThis Share Buttons generic via filter on get_the_excerpt --><\/p>\n","protected":false},"author":27,"featured_media":0,"comment_status":"open","ping_status":"closed","sticky":false,"template":"","format":"standard","meta":[],"categories":[4],"tags":[],"_links":{"self":[{"href":"https:\/\/blogs.hoy.es\/senderosextremadura\/wp-json\/wp\/v2\/posts\/2123"}],"collection":[{"href":"https:\/\/blogs.hoy.es\/senderosextremadura\/wp-json\/wp\/v2\/posts"}],"about":[{"href":"https:\/\/blogs.hoy.es\/senderosextremadura\/wp-json\/wp\/v2\/types\/post"}],"author":[{"embeddable":true,"href":"https:\/\/blogs.hoy.es\/senderosextremadura\/wp-json\/wp\/v2\/users\/27"}],"replies":[{"embeddable":true,"href":"https:\/\/blogs.hoy.es\/senderosextremadura\/wp-json\/wp\/v2\/comments?post=2123"}],"version-history":[{"count":0,"href":"https:\/\/blogs.hoy.es\/senderosextremadura\/wp-json\/wp\/v2\/posts\/2123\/revisions"}],"wp:attachment":[{"href":"https:\/\/blogs.hoy.es\/senderosextremadura\/wp-json\/wp\/v2\/media?parent=2123"}],"wp:term":[{"taxonomy":"category","embeddable":true,"href":"https:\/\/blogs.hoy.es\/senderosextremadura\/wp-json\/wp\/v2\/categories?post=2123"},{"taxonomy":"post_tag","embeddable":true,"href":"https:\/\/blogs.hoy.es\/senderosextremadura\/wp-json\/wp\/v2\/tags?post=2123"}],"curies":[{"name":"wp","href":"https:\/\/api.w.org\/{rel}","templated":true}]}}