{"id":2131,"date":"2013-10-25T09:54:21","date_gmt":"2013-10-25T09:54:21","guid":{"rendered":"http:\/\/blogs.hoy.es\/senderosextremadura\/?p=2131"},"modified":"2013-10-25T09:54:21","modified_gmt":"2013-10-25T09:54:21","slug":"travesia-de-los-tres-valles-en-la-alta-extremadura-1-2-y-3-de-noviembre","status":"publish","type":"post","link":"https:\/\/blogs.hoy.es\/senderosextremadura\/2013\/10\/25\/travesia-de-los-tres-valles-en-la-alta-extremadura-1-2-y-3-de-noviembre\/","title":{"rendered":"Traves\u00eda de los tres valles en la Alta Extremadura (1, 2 y 3 de noviembre)"},"content":{"rendered":"<p><a href=\"https:\/\/blogs.hoy.es\/senderosextremadura\/2013\/10\/25\/travesia-de-los-tres-valles-en-la-alta-extremadura-1-2-y-3-de-noviembre\/covacha-3\/\" rel=\"attachment wp-att-2133\"><img loading=\"lazy\" class=\"aligncenter size-full wp-image-2133\" title=\"\" src=\"\/senderosextremadura\/wp-content\/uploads\/sites\/22\/2013\/10\/covacha.jpg\" alt=\"\" width=\"550\" height=\"413\" srcset=\"https:\/\/static-blogs.hoy.es\/wp-content\/uploads\/sites\/22\/2013\/10\/covacha.jpg 550w, https:\/\/static-blogs.hoy.es\/wp-content\/uploads\/sites\/22\/2013\/10\/covacha-300x225.jpg 300w\" sizes=\"(max-width: 550px) 100vw, 550px\" \/><\/a><\/p>\n<p>GALER\u00cdA DE FOTOS: <a title=\"Ascensi\u00f3n al pico <b>Covacha<\/b> de Gredos, por la ruta de las cuatro lagunas&#8221; href=&#8221;http:\/\/www.hoy.es\/multimedia\/fotos\/ultimos\/107892-ascension-pico-covacha-gredos-ruta-cuatro-lagunas-0.html&#8221; target=&#8221;_blank&#8221;>Ascensi\u00f3n al pico <strong>Covacha<\/strong> de Gredos, por la ruta de las cuatro lagunas<\/a><\/p>\n<p>&nbsp;<\/p>\n<p>El <strong><a href=\"http:\/\/www.valcorchero.es\/Actividades%202013.html\" rel=\"external nofollow\">club placentino de monta\u00f1a Valcorchero<\/a><\/strong> realizar\u00e1 del 1 al 3 de noviembre la <strong>Traves\u00eda de los Tres Valles: Ambroz, Jerte y La Vera<\/strong>. Comarcas que disfrutan de las cumbres m\u00e1s altas de la Sierra de B\u00e9jar y Gredos. La marcha se inicia en Herv\u00e1s, en el coraz\u00f3n del <strong>Valle del Ambroz<\/strong>. Arranca con una fuerte ascensi\u00f3n de 2.102 metros hasta el <strong>Pinajarro<\/strong>, desde donde es posible contemplar todo el valle. Despu\u00e9s prosigue la subida, pero ya menos acusada, hasta el Torre\u00f3n -2.400metros-, enclave m\u00e1s elevado de todo el trayecto. <!--more-->A continuaci\u00f3n se inicia el descenso hasta el <strong>puerto de Tornavacas<\/strong>, donde pernoctar\u00e1n los monta\u00f1eros. Al d\u00eda siguiente habr\u00e1 que desayunar con contundencia para iniciar la subida hasta la Covacha (2.399 metros), el techo de Extremadura, para descender despu\u00e9s a la <strong>Laguna de los Caballeros<\/strong>, una de las mejor formadas de Gredos, donde se realizar\u00e1 la segunda pernoctaci\u00f3n. El \u00faltimo d\u00eda se emplear\u00e1 en bajar la Garganta de los Caballeros hasta una zona conocida como la mina, para luego ascender por una fuerte pendiente hasta el Cancho (2.2.74 metros), \u00faltima de las grandes cimas de la traves\u00eda de los tres valles. El \u00faltimo tramo del recorrido ser\u00e1 un largo descenso hasta la localidad verata de <strong>Losar de la Vera<\/strong>, donde dar\u00e1 por concluida la ruta.<\/p>\n<p>&nbsp;<\/p>\n<p>Precios de inscripci\u00f3n:<br \/>\nSocios mayores:12 euros \/\u00a0 No socios:15 euros<br \/>\nSocios Inf.\/Juvenil: Gratis<br \/>\nSocios desempleados: 6 euros<br \/>\nNo federados: No se admiten<br \/>\nAlternativa 1: Hacer la ruta del d\u00eda 1 (regreso por cuenta propia)<br \/>\nAlternativa 2: Hacer la ruta de los d\u00edas 2 y 3 (traslado por cuenta propia)<br \/>\nCualquiera de las 2 alternativas: 12 euros<\/p>\n<p>&nbsp;<\/p>\n<p><a href=\"http:\/\/www.valcorchero.es\/Actividades%202013.html\" rel=\"external nofollow\"><strong>M\u00e1s informaci\u00f3n en la web del club<\/strong><\/a><\/p>\n<!-- AddThis Advanced Settings generic via filter on the_content --><!-- AddThis Share Buttons generic via filter on the_content -->","protected":false},"excerpt":{"rendered":"<p>GALER\u00cdA DE FOTOS:<!-- AddThis Advanced Settings generic via filter on get_the_excerpt --><!-- AddThis Share Buttons generic via filter on get_the_excerpt --><\/p>\n","protected":false},"author":27,"featured_media":0,"comment_status":"open","ping_status":"closed","sticky":false,"template":"","format":"standard","meta":[],"categories":[4],"tags":[362,434,461,821,833,836,973,1019,1061],"_links":{"self":[{"href":"https:\/\/blogs.hoy.es\/senderosextremadura\/wp-json\/wp\/v2\/posts\/2131"}],"collection":[{"href":"https:\/\/blogs.hoy.es\/senderosextremadura\/wp-json\/wp\/v2\/posts"}],"about":[{"href":"https:\/\/blogs.hoy.es\/senderosextremadura\/wp-json\/wp\/v2\/types\/post"}],"author":[{"embeddable":true,"href":"https:\/\/blogs.hoy.es\/senderosextremadura\/wp-json\/wp\/v2\/users\/27"}],"replies":[{"embeddable":true,"href":"https:\/\/blogs.hoy.es\/senderosextremadura\/wp-json\/wp\/v2\/comments?post=2131"}],"version-history":[{"count":0,"href":"https:\/\/blogs.hoy.es\/senderosextremadura\/wp-json\/wp\/v2\/posts\/2131\/revisions"}],"wp:attachment":[{"href":"https:\/\/blogs.hoy.es\/senderosextremadura\/wp-json\/wp\/v2\/media?parent=2131"}],"wp:term":[{"taxonomy":"category","embeddable":true,"href":"https:\/\/blogs.hoy.es\/senderosextremadura\/wp-json\/wp\/v2\/categories?post=2131"},{"taxonomy":"post_tag","embeddable":true,"href":"https:\/\/blogs.hoy.es\/senderosextremadura\/wp-json\/wp\/v2\/tags?post=2131"}],"curies":[{"name":"wp","href":"https:\/\/api.w.org\/{rel}","templated":true}]}}