{"id":2138,"date":"2013-10-28T09:47:06","date_gmt":"2013-10-28T09:47:06","guid":{"rendered":"http:\/\/blogs.hoy.es\/senderosextremadura\/?p=2138"},"modified":"2013-10-28T09:47:06","modified_gmt":"2013-10-28T09:47:06","slug":"castillo-de-miraflores-y-cerro-esperanza-cronica-y-fotos","status":"publish","type":"post","link":"https:\/\/blogs.hoy.es\/senderosextremadura\/2013\/10\/28\/castillo-de-miraflores-y-cerro-esperanza-cronica-y-fotos\/","title":{"rendered":"Del legado \u00e1rabe del castillo de Miraflores a las ruinas de la ermita de la Esperanza"},"content":{"rendered":"<div id=\"attachment_2141\" style=\"width: 558px\" class=\"wp-caption aligncenter\"><a href=\"https:\/\/blogs.hoy.es\/senderosextremadura\/\"><img aria-describedby=\"caption-attachment-2141\" loading=\"lazy\" class=\" wp-image-2141\" title=\"\" src=\"\/senderosextremadura\/wp-content\/uploads\/sites\/22\/2013\/10\/almenas1.jpg\" alt=\"\" width=\"548\" height=\"411\" srcset=\"https:\/\/static-blogs.hoy.es\/wp-content\/uploads\/sites\/22\/2013\/10\/almenas1.jpg 2048w, https:\/\/static-blogs.hoy.es\/wp-content\/uploads\/sites\/22\/2013\/10\/almenas1-300x225.jpg 300w, https:\/\/static-blogs.hoy.es\/wp-content\/uploads\/sites\/22\/2013\/10\/almenas1-768x576.jpg 768w, https:\/\/static-blogs.hoy.es\/wp-content\/uploads\/sites\/22\/2013\/10\/almenas1-600x450.jpg 600w\" sizes=\"(max-width: 548px) 100vw, 548px\" \/><\/a><p id=\"caption-attachment-2141\" class=\"wp-caption-text\">Vistas de Alconchel desde la Torre del Homenaje del castillo de Miraflores:: A.M.<\/p><\/div>\n<p>Esta ruta rayana parte de la <strong>Plaza de Espa\u00f1a de Alconchel<\/strong> (1.873 habitantes), o Terrero, como prefieren llamarla los alcocheleros. Tras estacionar el coche en la di\u00e1fana plaza de este pueblo blanco enfilamos la <strong>calle Corredera<\/strong>, amplia avenida jalonada de grandes caserones. Desde los primeros pasos <strong>no perdemos de vista el castillo,<\/strong> que domina los <strong>Llanos de Olivenza<\/strong> desde el cerro de Miraflores,\u00a0 monopolizando la mirada del caminante. Llegamos pronto a un ensanche con algunos detalles de arquitectura lusa, aqu\u00ed\u00a0 se alza\u00a0 la <strong>torre del reloj<\/strong>.<!--more--><\/p>\n<div id=\"attachment_2142\" style=\"width: 548px\" class=\"wp-caption aligncenter\"><a href=\"https:\/\/blogs.hoy.es\/senderosextremadura\/2013\/10\/28\/castillo-de-miraflores-y-cerro-esperanza-cronica-y-fotos\/olympus-digital-camera-3\/\" rel=\"attachment wp-att-2142\"><img aria-describedby=\"caption-attachment-2142\" loading=\"lazy\" class=\" wp-image-2142\" title=\"\" src=\"\/senderosextremadura\/wp-content\/uploads\/sites\/22\/2013\/10\/fuente.jpg\" alt=\"\" width=\"538\" height=\"396\" srcset=\"https:\/\/static-blogs.hoy.es\/wp-content\/uploads\/sites\/22\/2013\/10\/fuente.jpg 2048w, https:\/\/static-blogs.hoy.es\/wp-content\/uploads\/sites\/22\/2013\/10\/fuente-300x221.jpg 300w, https:\/\/static-blogs.hoy.es\/wp-content\/uploads\/sites\/22\/2013\/10\/fuente-768x567.jpg 768w, https:\/\/static-blogs.hoy.es\/wp-content\/uploads\/sites\/22\/2013\/10\/fuente-600x443.jpg 600w\" sizes=\"(max-width: 538px) 100vw, 538px\" \/><\/a><p id=\"caption-attachment-2142\" class=\"wp-caption-text\">Fuente en la que beben la mayor\u00eda de alcocheleros:: A.M.<\/p><\/div>\n<p>En una de sus esquinas nos topamos con varios lugare\u00f1os que nos invitan tomar el refrescante agua de la fuente. El goteo de vecinos alrededor de los ca\u00f1os y de la amable conversaci\u00f3n es incesante. Aliviada la sed proseguimos el camino por la <strong>empinada calle de la C\u00e1rcel<\/strong>, giramos a la izquierda y damos con el sendero original que sub\u00eda a la <strong>fortaleza de origen \u00e1rabe<\/strong>. Son pocos ya los que utilizan este <strong>angosto camino flanqueado por muros de piedra<\/strong> que serpentean la ladera.<\/p>\n<div id=\"attachment_2143\" style=\"width: 610px\" class=\"wp-caption aligncenter\"><a href=\"https:\/\/blogs.hoy.es\/senderosextremadura\/\"><img aria-describedby=\"caption-attachment-2143\" loading=\"lazy\" class=\"size-large wp-image-2143\" title=\"\" src=\"\/senderosextremadura\/wp-content\/uploads\/sites\/22\/2013\/10\/casas-.jpg\" alt=\"\" width=\"600\" height=\"335\" srcset=\"https:\/\/static-blogs.hoy.es\/wp-content\/uploads\/sites\/22\/2013\/10\/casas-.jpg 2007w, https:\/\/static-blogs.hoy.es\/wp-content\/uploads\/sites\/22\/2013\/10\/casas--300x168.jpg 300w, https:\/\/static-blogs.hoy.es\/wp-content\/uploads\/sites\/22\/2013\/10\/casas--768x429.jpg 768w, https:\/\/static-blogs.hoy.es\/wp-content\/uploads\/sites\/22\/2013\/10\/casas--600x335.jpg 600w\" sizes=\"(max-width: 600px) 100vw, 600px\" \/><\/a><p id=\"caption-attachment-2143\" class=\"wp-caption-text\">Alconchel es un pueblo blanco, con amplias calles y avenidas:: A.M.<\/p><\/div>\n<p>A ambos lados dejamos algunos huertos y peque\u00f1os reba\u00f1os. Alzamos la vista y all\u00ed se alza el castillo, con sus remozados accesos y su imponente atalaya. Compartimos conversaci\u00f3n con la gu\u00eda, que da cuenta de los prometedores proyectos tur\u00edsticos para el monumento: un alberque a cuyas habitaciones no acaban de llegar los muebles, un restaurante, una cafeter\u00eda\u2026 De momento su discreta sala de conferencias acoge algunos cursos, charlas y otras actividades culturales. Recorremos todas las dependencias: aljibes, el per\u00edmetro de la muralla, su patio de armas, a sala que acoge el <strong>Centro de Interpretaci\u00f3n de las Fortificaciones del Gran Lago de Alqueva<\/strong>, \u00a0y por supuesto su torre del homenaje, desde la que se divisan impresionantes tapices de olivos y encinas, adem\u00e1s de una planta fotovoltaica que afea bastante el paisaje. Abandonamos la fortaleza cuyas piedras hablan de dominio \u00e1rabe, de la posterior Reconquista cristiana y de los sempiternos enfrentamientos entre pueblos de la Raya ajenos a las disputas fronterizas de sus reinos.<\/p>\n<p><a href=\"https:\/\/blogs.hoy.es\/senderosextremadura\/2013\/10\/28\/castillo-de-miraflores-y-cerro-esperanza-cronica-y-fotos\/acceso\/\" rel=\"attachment wp-att-2144\"><img loading=\"lazy\" class=\"aligncenter  wp-image-2144\" title=\"\" src=\"\/senderosextremadura\/wp-content\/uploads\/sites\/22\/2013\/10\/acceso.jpg\" alt=\"\" width=\"457\" height=\"609\" srcset=\"https:\/\/static-blogs.hoy.es\/wp-content\/uploads\/sites\/22\/2013\/10\/acceso.jpg 1536w, https:\/\/static-blogs.hoy.es\/wp-content\/uploads\/sites\/22\/2013\/10\/acceso-225x300.jpg 225w, https:\/\/static-blogs.hoy.es\/wp-content\/uploads\/sites\/22\/2013\/10\/acceso-768x1024.jpg 768w, https:\/\/static-blogs.hoy.es\/wp-content\/uploads\/sites\/22\/2013\/10\/acceso-600x800.jpg 600w\" sizes=\"(max-width: 457px) 100vw, 457px\" \/><\/a><\/p>\n<p>Bajamos por el vial empedrado que desemboca en la calle Venero, una peque\u00f1a pista asfaltada que nos lleva directamente a la parte antigua de la villa. Desde all\u00ed subiremos por un ancho camino hasta el <strong>Cerro de la Esperanza<\/strong> hasta un peque\u00f1o templo dedicado a la advocaci\u00f3n mariana del\u00a0 mismo nombre. Se trata de un camino poco transitado que se va estrechando conforme ascendemos. Aunque la capilla se encuentra en estado ruinoso, merece la pena observar su b\u00f3veda abierta al cielo por los derrumbes.<\/p>\n<div id=\"attachment_2145\" style=\"width: 489px\" class=\"wp-caption aligncenter\"><a href=\"https:\/\/blogs.hoy.es\/senderosextremadura\/2013\/10\/28\/castillo-de-miraflores-y-cerro-esperanza-cronica-y-fotos\/olympus-digital-camera-5\/\" rel=\"attachment wp-att-2145\"><img aria-describedby=\"caption-attachment-2145\" loading=\"lazy\" class=\" wp-image-2145\" title=\"\" src=\"\/senderosextremadura\/wp-content\/uploads\/sites\/22\/2013\/10\/convento.jpg\" alt=\"\" width=\"479\" height=\"580\" srcset=\"https:\/\/static-blogs.hoy.es\/wp-content\/uploads\/sites\/22\/2013\/10\/convento.jpg 1536w, https:\/\/static-blogs.hoy.es\/wp-content\/uploads\/sites\/22\/2013\/10\/convento-247x300.jpg 247w, https:\/\/static-blogs.hoy.es\/wp-content\/uploads\/sites\/22\/2013\/10\/convento-768x932.jpg 768w, https:\/\/static-blogs.hoy.es\/wp-content\/uploads\/sites\/22\/2013\/10\/convento-600x728.jpg 600w\" sizes=\"(max-width: 479px) 100vw, 479px\" \/><\/a><p id=\"caption-attachment-2145\" class=\"wp-caption-text\">Templo en ruinas en el cerro de la Esperanza:: A.M.<\/p><\/div>\n<p>Bien merece el esfuerzo por \u00a0disfrutar del conjunto de una estampa dominada por el castillo y del pueblo blanco y limpio a sus pies. Una ruta de unos ocho kil\u00f3metros que nos despierta las ganas de volver a Alconchel para realizar la Ruta por el camino de los Jarales hasta el Convento de Nuestra Se\u00f1ora de la Luz.<\/p>\n<p>&nbsp;<\/p>\n<p>\u00c1ngela Murillo<\/p>\n<p>&nbsp;<\/p>\n<p><strong>M\u00e1s informaci\u00f3n:\u00a0 924 42 00 01 y alconchel@dip-badajoz.es<\/strong><\/p>\n<!-- AddThis Advanced Settings generic via filter on the_content --><!-- AddThis Share Buttons generic via filter on the_content -->","protected":false},"excerpt":{"rendered":"<p>Esta ruta rayana parte de la Plaza de Espa\u00f1a de Alconchel (1.873 habitantes), o Terrero, como prefieren llamarla los alcocheleros. Tras estacionar el coche en la di\u00e1fana plaza de este pueblo blanco enfilamos la calle Corredera, amplia avenida jalonada de grandes caserones. Desde los primeros pasos no perdemos de vista el castillo, que domina los [&hellip;]<!-- AddThis Advanced Settings generic via filter on get_the_excerpt --><!-- AddThis Share Buttons generic via filter on get_the_excerpt --><\/p>\n","protected":false},"author":27,"featured_media":0,"comment_status":"open","ping_status":"closed","sticky":false,"template":"","format":"standard","meta":[],"categories":[3,4],"tags":[25,182,183,610,836,917],"_links":{"self":[{"href":"https:\/\/blogs.hoy.es\/senderosextremadura\/wp-json\/wp\/v2\/posts\/2138"}],"collection":[{"href":"https:\/\/blogs.hoy.es\/senderosextremadura\/wp-json\/wp\/v2\/posts"}],"about":[{"href":"https:\/\/blogs.hoy.es\/senderosextremadura\/wp-json\/wp\/v2\/types\/post"}],"author":[{"embeddable":true,"href":"https:\/\/blogs.hoy.es\/senderosextremadura\/wp-json\/wp\/v2\/users\/27"}],"replies":[{"embeddable":true,"href":"https:\/\/blogs.hoy.es\/senderosextremadura\/wp-json\/wp\/v2\/comments?post=2138"}],"version-history":[{"count":0,"href":"https:\/\/blogs.hoy.es\/senderosextremadura\/wp-json\/wp\/v2\/posts\/2138\/revisions"}],"wp:attachment":[{"href":"https:\/\/blogs.hoy.es\/senderosextremadura\/wp-json\/wp\/v2\/media?parent=2138"}],"wp:term":[{"taxonomy":"category","embeddable":true,"href":"https:\/\/blogs.hoy.es\/senderosextremadura\/wp-json\/wp\/v2\/categories?post=2138"},{"taxonomy":"post_tag","embeddable":true,"href":"https:\/\/blogs.hoy.es\/senderosextremadura\/wp-json\/wp\/v2\/tags?post=2138"}],"curies":[{"name":"wp","href":"https:\/\/api.w.org\/{rel}","templated":true}]}}