{"id":2146,"date":"2013-10-28T13:29:03","date_gmt":"2013-10-28T13:29:03","guid":{"rendered":"http:\/\/blogs.hoy.es\/senderosextremadura\/?p=2146"},"modified":"2013-10-28T13:29:03","modified_gmt":"2013-10-28T13:29:03","slug":"ruta-de-carlos-v-tras-los-pasos-del-emperador-en-el-norte-de-caceres-10-de-noviembre","status":"publish","type":"post","link":"https:\/\/blogs.hoy.es\/senderosextremadura\/2013\/10\/28\/ruta-de-carlos-v-tras-los-pasos-del-emperador-en-el-norte-de-caceres-10-de-noviembre\/","title":{"rendered":"Ruta de Carlos V: tras los pasos del emperador en el norte de C\u00e1ceres (10 de noviembre)"},"content":{"rendered":"<div id=\"div_texto\">\n<div id=\"attachment_2148\" style=\"width: 610px\" class=\"wp-caption aligncenter\"><a href=\"http:\/\/www.hoy.es\/multimedia\/fotos\/regional\/109392-ruta-carlos-tornavacas-jarandilla-vera-0.html\" rel=\"external nofollow\"><img aria-describedby=\"caption-attachment-2148\" loading=\"lazy\" class=\"size-large wp-image-2148\" title=\"Imagen de la ruta de Carlos V realizada por el Club La Vere\u00edna\" src=\"\/senderosextremadura\/wp-content\/uploads\/sites\/22\/2013\/10\/carlos-v.jpg\" alt=\"\" width=\"600\" height=\"278\" srcset=\"https:\/\/static-blogs.hoy.es\/wp-content\/uploads\/sites\/22\/2013\/10\/carlos-v.jpg 647w, https:\/\/static-blogs.hoy.es\/wp-content\/uploads\/sites\/22\/2013\/10\/carlos-v-300x139.jpg 300w, https:\/\/static-blogs.hoy.es\/wp-content\/uploads\/sites\/22\/2013\/10\/carlos-v-600x278.jpg 600w\" sizes=\"(max-width: 600px) 100vw, 600px\" \/><\/a><p id=\"caption-attachment-2148\" class=\"wp-caption-text\">Imagen de la ruta de Carlos V realizada por el Club La Vere\u00edna<\/p><\/div>\n<\/div>\n<div><a href=\"http:\/\/www.hoy.es\/multimedia\/fotos\/regional\/109392-ruta-carlos-tornavacas-jarandilla-vera-0.html\" rel=\"external nofollow\"><strong>GALER\u00cdA DE FOTOS: Ruta de Carlos V, de Tornavacas a Jarandilla de la Vera<\/strong><\/a><\/div>\n<div>\n<div><\/div>\n<div>La <strong>Ruta de Carlos V<\/strong>, una de las m\u00e1s conocidas por los senderistas dentro y fuera de la regi\u00f3n, se celebrar\u00e1 el domingo 10 de noviembre cumpliendo ya su 29 aniversario. La marcha que une las localidades de <strong>Tornavacas (Valle del Jerte)<\/strong> con <strong>Jarandilla de La Vera<\/strong> suscita el inter\u00e9s de cientos de senderistas y amantes de la historia y la naturaleza.La traves\u00eda, que tiene un recorrido de 24,5 kil\u00f3metros y est\u00e1 organizada por el Grupo Placentino de Monta\u00f1a, es una de las m\u00e1s visitada de la regi\u00f3n y, a lo largo de todo el a\u00f1o, es recorrida por un gran n\u00famero de monta\u00f1eros y senderistas.<\/div>\n<div id=\"div_texto\">\n<p>Belleza, dureza e historia se a\u00fanan para motivar al caminante en este sinuoso trazado, recorriendo oto\u00f1ales y coloridos <strong>bosques de casta\u00f1os y robles<\/strong>, cruzando blancas torrenteras de aguas cristalinas y pradera y piornal de la sierra.<\/p>\n<p>La fecha tope de<strong> inscripci\u00f3n es el jueves d\u00eda 6 de noviembre<\/strong> o hasta completar el limite de plazas, seg\u00fan informa la organizaci\u00f3n en nota de prensa en la que recuerda que el precio de la ruta es de 13 euros para los ni\u00f1os de hasta 12 a\u00f1os y de 15 euros para el resto de participantes.<\/p>\n<p>El precio incluye el viaje de ida a Tornavacas y vuelta desde Jarandilla de la Vera a Plasencia, as\u00ed como informaci\u00f3n sobre la ruta, pulsera de control de paso y un desayuno antes de comenzar.<\/p>\n<p>Adem\u00e1s se dar\u00e1 una merienda al finalizar la ruta en el Hogar del Pensionista de Jarandilla, ofrecida por el Ayuntamiento de Jarandilla, <strong>Mancomunidad Intermunicipal de la Vera y Adicover<\/strong>.<\/p>\n<p>La salida gradual de los autobuses se efectuara desde la <strong>avenida del Valle de Plasencia a las 7,00 horas del domingo<\/strong> d\u00eda 10 de noviembre, y desde la organizaci\u00f3n se hace un llamamiento a todos los que est\u00e9n interesados en participar de que &#8220;es imprescindible estar en buena condici\u00f3n f\u00edsica, puesto que la ruta es dura&#8221;.<\/p>\n<p>&nbsp;<\/p>\n<\/div>\n<\/div>\n<!-- AddThis Advanced Settings generic via filter on the_content --><!-- AddThis Share Buttons generic via filter on the_content -->","protected":false},"excerpt":{"rendered":"<p>GALER\u00cdA DE FOTOS: Ruta de Carlos V, de Tornavacas a Jarandilla de la Vera La Ruta de Carlos V, una de las m\u00e1s conocidas por los senderistas dentro y fuera de la regi\u00f3n, se celebrar\u00e1 el domingo 10 de noviembre cumpliendo ya su 29 aniversario. La marcha que une las localidades de Tornavacas (Valle del [&hellip;]<!-- AddThis Advanced Settings generic via filter on get_the_excerpt --><!-- AddThis Share Buttons generic via filter on get_the_excerpt --><\/p>\n","protected":false},"author":27,"featured_media":0,"comment_status":"open","ping_status":"closed","sticky":false,"template":"","format":"standard","meta":[],"categories":[4],"tags":[724,796,821,836],"_links":{"self":[{"href":"https:\/\/blogs.hoy.es\/senderosextremadura\/wp-json\/wp\/v2\/posts\/2146"}],"collection":[{"href":"https:\/\/blogs.hoy.es\/senderosextremadura\/wp-json\/wp\/v2\/posts"}],"about":[{"href":"https:\/\/blogs.hoy.es\/senderosextremadura\/wp-json\/wp\/v2\/types\/post"}],"author":[{"embeddable":true,"href":"https:\/\/blogs.hoy.es\/senderosextremadura\/wp-json\/wp\/v2\/users\/27"}],"replies":[{"embeddable":true,"href":"https:\/\/blogs.hoy.es\/senderosextremadura\/wp-json\/wp\/v2\/comments?post=2146"}],"version-history":[{"count":0,"href":"https:\/\/blogs.hoy.es\/senderosextremadura\/wp-json\/wp\/v2\/posts\/2146\/revisions"}],"wp:attachment":[{"href":"https:\/\/blogs.hoy.es\/senderosextremadura\/wp-json\/wp\/v2\/media?parent=2146"}],"wp:term":[{"taxonomy":"category","embeddable":true,"href":"https:\/\/blogs.hoy.es\/senderosextremadura\/wp-json\/wp\/v2\/categories?post=2146"},{"taxonomy":"post_tag","embeddable":true,"href":"https:\/\/blogs.hoy.es\/senderosextremadura\/wp-json\/wp\/v2\/tags?post=2146"}],"curies":[{"name":"wp","href":"https:\/\/api.w.org\/{rel}","templated":true}]}}